{"id":955,"date":"2019-04-09T15:46:04","date_gmt":"2019-04-09T15:46:04","guid":{"rendered":"http:\/\/fundacionluisanderson.org\/?p=955"},"modified":"2019-04-09T16:02:22","modified_gmt":"2019-04-09T16:02:22","slug":"convocatoria-a-la-reunion-2019-de-patronato-de-la-fundacion-luis-anderson","status":"publish","type":"post","link":"https:\/\/fundacionluisanderson.org\/index.php\/2019\/04\/09\/convocatoria-a-la-reunion-2019-de-patronato-de-la-fundacion-luis-anderson\/","title":{"rendered":"Convocatoria a la Reunion 2019 de Patronato de la Fundaci\u00f3n Luis Anderson"},"content":{"rendered":"<p>Para todos los Miembros del Patronato de la Fundaci\u00f3n Luis Anderson para el Desarrollo Sindical (FLA)<\/p>\n<p>Estimados Miembros del Patronato de la FLA<\/p>\n<p>En mi condici\u00f3n de presidenta de la Junta Directiva de la FLA y en el uso de estas atribuciones, me permito convocar a la Reuni\u00f3n 2019 de\u00a0patronato de la FLA para atender agenda que se anexa. La reuni\u00f3n tendr\u00e1 lugar en el Hotel Roma, Sal\u00f3n Portobelo, Av. Justo Arosemena con calle 33 de la Ciudad de Panam\u00e1, el lunes 15 de abril de 2019, a las 18.00 horas.<\/p>\n<p>Conforme el reglamento y estatutos vigentes de la FLA, en el Articulo 33, se establece:<\/p>\n<p>\u00ab&#8230;. La citaci\u00f3n para cualquier reuni\u00f3n la har\u00e1 el presidente, mediante notificaci\u00f3n personal y en su defecto el vicepresidente&#8230;EL PATRONATO constituir\u00e1 qu\u00f3rum la presencia de la mitad m\u00e1s uno de sus miembros. Cada miembro tendr\u00e1 derecho a un voto. Los acuerdos de EL PATRONATO deber\u00e1n adoptarse mediante el voto favorable de la mayor\u00eda de los miembros presentes&#8230;\u00bb<\/p>\n<p>Favor, s\u00edrvanse confirmar su asistencia a la direcci\u00f3n de correo electr\u00f3nico: <a href=\"mailto:aanderson@fundacionluisanderson.org\">aanderson@fundacionluisanderson.org<\/a><\/p>\n<h4><a href=\"http:\/\/fundacionluisanderson.org\/index.php\/2019\/04\/09\/convocatoria-a-la-reunion-2019-de-patronato-de-la-fundacion-luis-anderson\/\"><span style=\"color: #3366ff;\"><strong><a href=\"http:\/\/fundacionluisanderson.org\/wp-content\/uploads\/2019\/04\/Reuni\u00f3n-del-Patronato-de-la-Fundaci\u00f3n-Luis-Anderson-Asamblea-General-1.pdf\">Ver Convocatoria y Orden del dia<\/a><\/strong><\/span><\/a><\/h4>\n<p>Atentamente<\/p>\n<h3 style=\"text-align: center;\">DEUS NAVARRO<br \/>\nPresidenta de la Fundaci\u00f3n Luis Anderson<\/h3>\n","protected":false},"excerpt":{"rendered":"<p>Para todos los Miembros del Patronato de la Fundaci\u00f3n Luis Anderson para el Desarrollo Sindical (FLA) Estimados Miembros del Patronato de la FLA En mi condici\u00f3n de presidenta de la Junta Directiva de la FLA y en el uso de estas atribuciones, me permito convocar a la Reuni\u00f3n 2019 de\u00a0patronato de la FLA para atender [&hellip;]<\/p>\n","protected":false},"author":2,"featured_media":850,"comment_status":"open","ping_status":"open","sticky":false,"template":"","format":"standard","meta":{"footnotes":""},"categories":[3],"tags":[],"_links":{"self":[{"href":"https:\/\/fundacionluisanderson.org\/index.php\/wp-json\/wp\/v2\/posts\/955"}],"collection":[{"href":"https:\/\/fundacionluisanderson.org\/index.php\/wp-json\/wp\/v2\/posts"}],"about":[{"href":"https:\/\/fundacionluisanderson.org\/index.php\/wp-json\/wp\/v2\/types\/post"}],"author":[{"embeddable":true,"href":"https:\/\/fundacionluisanderson.org\/index.php\/wp-json\/wp\/v2\/users\/2"}],"replies":[{"embeddable":true,"href":"https:\/\/fundacionluisanderson.org\/index.php\/wp-json\/wp\/v2\/comments?post=955"}],"version-history":[{"count":5,"href":"https:\/\/fundacionluisanderson.org\/index.php\/wp-json\/wp\/v2\/posts\/955\/revisions"}],"predecessor-version":[{"id":966,"href":"https:\/\/fundacionluisanderson.org\/index.php\/wp-json\/wp\/v2\/posts\/955\/revisions\/966"}],"wp:featuredmedia":[{"embeddable":true,"href":"https:\/\/fundacionluisanderson.org\/index.php\/wp-json\/wp\/v2\/media\/850"}],"wp:attachment":[{"href":"https:\/\/fundacionluisanderson.org\/index.php\/wp-json\/wp\/v2\/media?parent=955"}],"wp:term":[{"taxonomy":"category","embeddable":true,"href":"https:\/\/fundacionluisanderson.org\/index.php\/wp-json\/wp\/v2\/categories?post=955"},{"taxonomy":"post_tag","embeddable":true,"href":"https:\/\/fundacionluisanderson.org\/index.php\/wp-json\/wp\/v2\/tags?post=955"}],"curies":[{"name":"wp","href":"https:\/\/api.w.org\/{rel}","templated":true}]}}