{"id":360,"date":"2018-10-30T04:02:44","date_gmt":"2018-10-30T04:02:44","guid":{"rendered":"http:\/\/nastacloud.com\/demo\/fundacionluisanderson\/?p=360"},"modified":"2018-11-21T03:31:34","modified_gmt":"2018-11-21T03:31:34","slug":"luis-anderson-un-recuerdo","status":"publish","type":"post","link":"https:\/\/fundacionluisanderson.org\/index.php\/2018\/10\/30\/luis-anderson-un-recuerdo\/","title":{"rendered":"Luis Anderson, Un Recuerdo"},"content":{"rendered":"<p>Empec\u00e9 a trabajar en el departamento internacional de la CGIL a fines de 1987, t\u00e9cnicamente a cargo de los pa\u00edses de habla inglesa, pero en realidad -como aprend\u00ed unos meses m\u00e1s tarde- para apoyar la transici\u00f3n que Bruno Trentin &#8211; m\u00e1s que cualquier otro- ten\u00eda en mente para incorporar a la CGIL en la familia de la CIOSL.<\/p>\n<p>Yo proven\u00eda de la componente minoritaria socialista y hab\u00eda trabajado para el grupo socialista en el Parlamento Europeo (en aquella \u00e9poca no sab\u00eda que Bruno en su juventud hab\u00eda pasado sus a\u00f1os en la Resistencia, en el grupo \u201cJusticia y Libertad\u201d, que deriv\u00f3 sus principios de los hermanos Rosselli, socialistas florentinos asesinados brutalmente por los fascistas en su exilio franc\u00e9s, el mismo pais donde Bruno nacio porque su padres tambien estuvieron exiliados por su antifascismo).<\/p>\n<p>Esta larga introducci\u00f3n personal es relevante en el contexto del homenaje a Luis Anderson, no por m\u00ed obviamente, sino para entender c\u00f3mo los dos l\u00edderes, Anderson y Trentin, quienes luego se juntaron para escribir \u201cNorte-Sur. Trabajo, Derechos y Sindicato en el Mundo\u201d en 1996, hab\u00edan (cada uno) empezado un camino en direcci\u00f3n a una nueva visi\u00f3n del sindicalismo global, mucho tiempo antes de la ca\u00edda del Muro de Berl\u00edn. \u00a0\u00a0Yo considero que los principios de \u201cJusticia y Libertad\u201d eran \u00edntimamente compartidos por los dos.<\/p>\n<p>El primer encuentro formal con los l\u00edderes de la CIOSL fue en abril de 1988, durante el Congreso en Melbourne, Australia, donde por primera vez la CGIL fue aceptada como observadora, gracias al trabajo fraterno de la CISL, la UIL y otros sindicatos que estaban colaborando con la organizaci\u00f3n al nivel europeo (CGIL ya era parte de la CES en esa \u00e9poca), y el enorme compromiso personal de Emilio Gabaglio y Enzo Friso.<\/p>\n<p>Yo estaba bajo mucha presi\u00f3n, teniendo que manejar una delegaci\u00f3n que inclu\u00eda a los jefes principales del Sindicalismo Italiano: Bruno Trentin y Ottaviano del Turco de CGIL; Franco Marini y Angelo Gennari de CISL; y Giorgio Benvenuto de UIL. Lo que m\u00e1s me acuerdo del Congreso es que all\u00ed empez\u00f3 un verdadero di\u00e1logo entre varias organizaciones (aunque limitado por la nueva e inestable situaci\u00f3n de la CGIL, que estaba todav\u00eda en un per\u00edodo de escrutinio).<\/p>\n<p>AFL-CIO estaba probablemente entre los m\u00e1s fuertes opositores de esos di\u00e1logos, y muchos de la CGIL desconfiaban que ello se proyectara hacia la ORIT. Por eso, en un balance posterior, fue muy estimulante ver que el sindicalismo latinoamericano empez\u00f3 a entender la evoluci\u00f3n del sindicalismo de Occidental (sin asociarlo a la simplista ecuaci\u00f3n de la Guerra Fr\u00eda), al tiempo que los europeos empezaron a aprender de la nueva visi\u00f3n y pr\u00e1cticas que Luis Anderson estaba construyendo para la ORIT, dando esperanza al futuro movimiento.<\/p>\n<p>En 1990 me mud\u00e9 a los Estados Unidos, con el fin de difundir los servicios de la CGIL para los trabajadores migrantes y apoyar de manera discreta los contactos con AFL-CIO. Ello inclu\u00eda desde los contactos formales con Lane Kirkland hasta la relaci\u00f3n abierta y positiva con John Sweeney. Segu\u00ed de lejos la entrada de la CGIL en la CIOSL, que fue conducida por los compa\u00f1eros del Departamento Internacional. Yo estaba feliz discutiendo estos progresos con Bruno durante sus visitas regulares a Nueva York y Washington, donde los compromisos sindicales se mezclaban con su amor por la vida cultural estadounidense y donde pod\u00eda disfrutar de sus recuerdos del tiempo que pas\u00f3 cuando era joven en los Estados Unidos, estudiando un doctorado en leyes en Harvard inmediatamente despu\u00e9s de la Segunda Guerra Mundial.<\/p>\n<p>En esa \u00e9poca, no sab\u00eda que en 1998 mi camino se cruzar\u00eda de nuevo con la CIOSL, cuando una llamada a Nueva York de Giacomo Barbieri me avisaba que presentar\u00edan mi candidatura a Directora Adjunta de la oficina de la CIOSL en Ginebra y, como tal, ser\u00eda parte del Secretariado del Grupo de los Trabajadores en la OIT.<\/p>\n<p>Fue durante ese tiempo en que comenc\u00e9 realmente a conocer a Luis Anderson, qui\u00e9n era una presencia constante en el Consejo de Aministracion y en la Conferencia Internacional del Trabajo.<\/p>\n<p>Sus intervenciones en el Grupo de los Trabajadores -que se estaba convirtiendo cada vez m\u00e1s claramente en un referente en cuanto a derechos laborales y globalizaci\u00f3n-, y su defensa del sindicalismo libre y de la democracia en el mundo, y en Am\u00e9rica Latina en particular &#8211; eran siempre una fuente de reflexi\u00f3n apreciada por todos, y ciertamente por m\u00ed, intentando entender los mecanismos de la OIT y c\u00f3mo aprovechar mejor la afirmaci\u00f3n de los derechos sindicales.<\/p>\n<p>Tengo que decir que Luis destac\u00f3 no s\u00f3lo por su fino intelecto y sus modales encantadores de un verdadero caballero caribe\u00f1o, sino tambi\u00e9n por su amistad, afecto y alegr\u00eda. Guardo con cari\u00f1o una foto de \u00e9l y Bill Brett, en esa \u00e9poca portavoz del Grupo de Trabajadores, riendo juntos al final de una de esas largas sesiones del Consejo de Aministracion: atendiendo la llamada del deber hasta el final, pero sin dejar que las duras negociaciones da\u00f1aran la interacci\u00f3n personal positiva, afirmando la sensaci\u00f3n de ser compa\u00f1eros.<\/p>\n<p>El hecho de que todo eso estaba pasando despu\u00e9s de la elecci\u00f3n para Secretario General de la CIOSL que Luis deber\u00eda haber ganado f\u00e1cilmente y sin controversia, y que sin embargo perdi\u00f3 contra los poderosos habituales, le dio una real aura y un inmenso prestigio, porque todos sintieron que se hab\u00eda cometido una injusticia tanto a \u00e9l en lo personal, como a su intento de acelerar la transformaci\u00f3n del movimiento sindical internacional.<\/p>\n<p>Posteriormente, he reflexionado que de alguna manera las llegadas al Secretariado del Grupo Trabajador a Ginebra del primer africano, Dan Cunniah, y de la primera mujer de un sindicato progresista, en mi caso, estaban ciertamente influenciadas por los profundos sentimientos de desaz\u00f3n que el movimiento global estaba sintiendo despu\u00e9s del rechazo de la candidatura de Luis: esta es entonces una raz\u00f3n m\u00e1s para mi homenaje.<\/p>\n<p>Como lo mencion\u00e9 cuando envi\u00e9 mis condolencias a su familia, una de los recuerdos que aprecio m\u00e1s de Luis es una copia de su libro \u201cNorte, Sur\u201d, que me dio en julio de 1996, con las siguientes palabras: \u201cQuerida Anna, con mis mejores deseos de amistad y fraternidad y la esperanza que la publicaci\u00f3n sirva como elemento de consulta y discusi\u00f3n. Luis Anderson\u201d.<\/p>\n<p>Puedo decir con certeza que \u201cNorte, Sur\u201d sirvi\u00f3 para muchos de nosotros no solo como tema de discusi\u00f3n en esa \u00e9poca, sino que \u00a0sigue siendo una de las lecturas necesarias para entender el cambiante mundo del trabajo y los procesos industriales; \u00a0para intentar construir una verdadera solidaridad (algo que es f\u00e1cil de decir, pero que frecuentemente se rompe en la pr\u00e1ctica por la ventaja que tiene el capital para modelar la globalizaci\u00f3n); \u00a0y tambi\u00e9n para construir alianzas estrat\u00e9gicas entre los \u00a0sindicatos del Norte y del Sur alrededor de una agenda com\u00fan.<\/p>\n<p>El nacimiento de la CSI, dirigida por Guy Ryder, y un esfuerzo colectivo entre regiones, CIOSL, CMT y organizaciones no-afiliadas, sigue siendo el punto focal de la actual agenda en desarrollo.<\/p>\n<p>Extra\u00f1amos a Bruno y \u00a0a Luis a diario, ambos se fueron demasiado pronto, pero sus contribuciones al movimiento, combinadas con el tierno coraje de sus vidas y su ejemplo de ser personas de altos principios m\u00e1s all\u00e1 de todo, permanecen como lecciones que nuestra generaci\u00f3n fue extremadamente afortunada de tener.<\/p>\n<p>En el a\u00f1o del centenario de la OIT, \u00a0cuando la acci\u00f3n sindical\u00a0 m\u00e1s que nunca \u00a0no se puede limitar a la esfera nacional, ellos nos llaman a un compromiso renovado con el principio fundador de la OIT de \u201cjusticia social\u201d, trat\u00e1ndose ahora de justicia social global.<\/p>\n<p>Pienso en Bruno Trentin cuando ten\u00eda 17 a\u00f1os siendo capit\u00e1n del batall\u00f3n \u201cJusticia y Libertad\u00bb en 1944, y cuando era uno de los Secretarios Italianos de la FLM (la Federaci\u00f3n unitaria de Trabajadores del Metal, que en los a\u00f1os 70 lider\u00f3 con una fuerza incre\u00edble las voces de los trabajadores italianos).\u00a0 Pienso en Luis quien naci\u00f3 tres a\u00f1os antes, en 1941 y desarroll\u00f3 su conciencia sindical en Panam\u00e1, posiblemente el lugar perfecto para entender y reconectar las idiosincrasias del Norte y del Sur. Luis hab\u00eda tenido una carrera pol\u00edtica (al igual que eventualmente Bruno,) y eso le sirvi\u00f3 para entender perfectamente que el verdadero sindicalismo no puede ser simplemente un ejercicio corporativista para defender a pocos, sino que tiene que ser una acci\u00f3n transformadora para la mayor\u00eda, ferozmente independiente en t\u00e9rminos de libertad sindical y no gregario del poder, siempre abierto a construir alianzas democr\u00e1ticas.<\/p>\n<p>Mi deseo es que el legado de Luis Anderson siga siendo una br\u00fajula permanente para el mapa global de la solidaridad y la acci\u00f3n sindical en los a\u00f1os futuros: la Fundaci\u00f3n que recuerda su nombre nos brinda esperanza a aquellos que fuimos afortunados de conocerlo y aprender a trav\u00e9s de \u00e9l, y a las generaciones venideras.<\/p>\n<p><strong>Anna Biondi Bird, Ginebra, octubre 2018<\/strong><\/p>\n","protected":false},"excerpt":{"rendered":"<p>Empec\u00e9 a trabajar en el departamento internacional de la CGIL a fines de 1987, t\u00e9cnicamente a cargo de los pa\u00edses de habla inglesa, pero en realidad -como aprend\u00ed unos meses m\u00e1s tarde- para apoyar la transici\u00f3n que Bruno Trentin &#8211; m\u00e1s que cualquier otro- ten\u00eda en mente para incorporar a la CGIL en la familia [&hellip;]<\/p>\n","protected":false},"author":1,"featured_media":939,"comment_status":"open","ping_status":"open","sticky":false,"template":"","format":"standard","meta":{"footnotes":""},"categories":[6],"tags":[],"_links":{"self":[{"href":"https:\/\/fundacionluisanderson.org\/index.php\/wp-json\/wp\/v2\/posts\/360"}],"collection":[{"href":"https:\/\/fundacionluisanderson.org\/index.php\/wp-json\/wp\/v2\/posts"}],"about":[{"href":"https:\/\/fundacionluisanderson.org\/index.php\/wp-json\/wp\/v2\/types\/post"}],"author":[{"embeddable":true,"href":"https:\/\/fundacionluisanderson.org\/index.php\/wp-json\/wp\/v2\/users\/1"}],"replies":[{"embeddable":true,"href":"https:\/\/fundacionluisanderson.org\/index.php\/wp-json\/wp\/v2\/comments?post=360"}],"version-history":[{"count":1,"href":"https:\/\/fundacionluisanderson.org\/index.php\/wp-json\/wp\/v2\/posts\/360\/revisions"}],"predecessor-version":[{"id":940,"href":"https:\/\/fundacionluisanderson.org\/index.php\/wp-json\/wp\/v2\/posts\/360\/revisions\/940"}],"wp:featuredmedia":[{"embeddable":true,"href":"https:\/\/fundacionluisanderson.org\/index.php\/wp-json\/wp\/v2\/media\/939"}],"wp:attachment":[{"href":"https:\/\/fundacionluisanderson.org\/index.php\/wp-json\/wp\/v2\/media?parent=360"}],"wp:term":[{"taxonomy":"category","embeddable":true,"href":"https:\/\/fundacionluisanderson.org\/index.php\/wp-json\/wp\/v2\/categories?post=360"},{"taxonomy":"post_tag","embeddable":true,"href":"https:\/\/fundacionluisanderson.org\/index.php\/wp-json\/wp\/v2\/tags?post=360"}],"curies":[{"name":"wp","href":"https:\/\/api.w.org\/{rel}","templated":true}]}}