{"id":356,"date":"2018-10-30T04:00:13","date_gmt":"2018-10-30T04:00:13","guid":{"rendered":"http:\/\/nastacloud.com\/demo\/fundacionluisanderson\/?p=356"},"modified":"2018-11-13T20:43:58","modified_gmt":"2018-11-13T20:43:58","slug":"mis-recuerdos-de-luis-anderson","status":"publish","type":"post","link":"https:\/\/fundacionluisanderson.org\/index.php\/2018\/10\/30\/mis-recuerdos-de-luis-anderson\/","title":{"rendered":"Mis recuerdos de Luis Anderson"},"content":{"rendered":"<p>Nos conocimos entre 1990 y 1998 cuando fui secretario interamericano para la Internacional de Servicios P\u00fablicos (ISP). Uno de nuestros afiliados era el Sindicato de Trabajadores de Gobiernos Locales y Estatales (AFSCME), que inclu\u00eda al Local 907, sindicato de obreros del ej\u00e9rcito estadounidense en la Zona del Canal de Panam\u00e1 en aquellos d\u00edas.<\/p>\n<p>Era Bill Lucy de AFSCME quien inicialmente me avis\u00f3 de la importancia de crear una amistad con Luis, secretario general de la ORIT.\u00a0 Su capacidad \u00fanica de manejar las pol\u00e9micas de la guerra fr\u00eda cre\u00f3 el espacio para un crecimiento enorme para el movimiento sindical en las Am\u00e9ricas.<\/p>\n<p>Atrajo un equipo excepcional a la oficina de ORIT incluyendo Gerardo Castillo, Eduardo Rodr\u00edguez, Katia Gil, Alvaro Orsatti, y los asesores Julio Godio y Beethoven Herrera. Entre los l\u00edderes de CIOSL (ahora CSI) su oficina fue la primera en reconocer la importancia de crear coordinaci\u00f3n con los secretariados como ISP.<\/p>\n<p>Me siento muy privilegiado de haber participado en las reuniones de coordinaci\u00f3n entre ORIT y los Secretariados (Iglesias\/UITA, Arosemena\/FITCM, Ben\u00edtez\/IPCTT, Rosenzvaig\/FIP) con el apoyo de Jurgen Eckl de la Fundaci\u00f3n Ebert.<\/p>\n<p>Aprendimos mucho y Luis fue el primero en ofrecer ideas innovadoras para enfrentar los desaf\u00edos.\u00a0Ven\u00eda de una perspectiva cr\u00edtica sobre la manera que la central sindical de mi pa\u00eds (AFL-CIO\/EE.UU.) llevaba a cabo las relaciones con sindicatos de Am\u00e9rica Latina.<\/p>\n<p>Me acuerdo y siempre ser\u00e9 agradecido que Luis me defendi\u00f3 mucho frente a la cr\u00edtica de Bill Doherty.<\/p>\n<p>Las tesis de los Congresos de la ORIT reflejaron e inspiraron al movimiento sindical de la regi\u00f3n, empezando con el \u2018sindicalismo socio-pol\u00edtico\u2019.<\/p>\n<p>Y los discursos de Luis eran como una clase maestra para formar a los dirigentes sindicales emergentes.<\/p>\n<p>L\u00edder, Maestro, Gu\u00eda, Entrenador, Intelectual\u2026todo esto y m\u00e1s era Luis.<\/p>\n<p><strong>Tim Beaty, Washington, octubre 2018<\/strong><\/p>\n","protected":false},"excerpt":{"rendered":"<p>Nos conocimos entre 1990 y 1998 cuando fui secretario interamericano para la Internacional de Servicios P\u00fablicos (ISP). Uno de nuestros afiliados era el Sindicato de Trabajadores de Gobiernos Locales y Estatales (AFSCME), que inclu\u00eda al Local 907, sindicato de obreros del ej\u00e9rcito estadounidense en la Zona del Canal de Panam\u00e1 en aquellos d\u00edas. Era Bill [&hellip;]<\/p>\n","protected":false},"author":1,"featured_media":694,"comment_status":"open","ping_status":"open","sticky":false,"template":"","format":"standard","meta":{"footnotes":""},"categories":[6],"tags":[],"_links":{"self":[{"href":"https:\/\/fundacionluisanderson.org\/index.php\/wp-json\/wp\/v2\/posts\/356"}],"collection":[{"href":"https:\/\/fundacionluisanderson.org\/index.php\/wp-json\/wp\/v2\/posts"}],"about":[{"href":"https:\/\/fundacionluisanderson.org\/index.php\/wp-json\/wp\/v2\/types\/post"}],"author":[{"embeddable":true,"href":"https:\/\/fundacionluisanderson.org\/index.php\/wp-json\/wp\/v2\/users\/1"}],"replies":[{"embeddable":true,"href":"https:\/\/fundacionluisanderson.org\/index.php\/wp-json\/wp\/v2\/comments?post=356"}],"version-history":[{"count":1,"href":"https:\/\/fundacionluisanderson.org\/index.php\/wp-json\/wp\/v2\/posts\/356\/revisions"}],"predecessor-version":[{"id":726,"href":"https:\/\/fundacionluisanderson.org\/index.php\/wp-json\/wp\/v2\/posts\/356\/revisions\/726"}],"wp:featuredmedia":[{"embeddable":true,"href":"https:\/\/fundacionluisanderson.org\/index.php\/wp-json\/wp\/v2\/media\/694"}],"wp:attachment":[{"href":"https:\/\/fundacionluisanderson.org\/index.php\/wp-json\/wp\/v2\/media?parent=356"}],"wp:term":[{"taxonomy":"category","embeddable":true,"href":"https:\/\/fundacionluisanderson.org\/index.php\/wp-json\/wp\/v2\/categories?post=356"},{"taxonomy":"post_tag","embeddable":true,"href":"https:\/\/fundacionluisanderson.org\/index.php\/wp-json\/wp\/v2\/tags?post=356"}],"curies":[{"name":"wp","href":"https:\/\/api.w.org\/{rel}","templated":true}]}}