{"id":354,"date":"2018-10-30T03:59:19","date_gmt":"2018-10-30T03:59:19","guid":{"rendered":"http:\/\/nastacloud.com\/demo\/fundacionluisanderson\/?p=354"},"modified":"2018-11-13T20:46:00","modified_gmt":"2018-11-13T20:46:00","slug":"homenaje-a-luis-anderson","status":"publish","type":"post","link":"https:\/\/fundacionluisanderson.org\/index.php\/2018\/10\/30\/homenaje-a-luis-anderson\/","title":{"rendered":"Homenaje a Luis Anderson"},"content":{"rendered":"<p>La primera vez que me encontr\u00e9 con el compa\u00f1ero Luis Anderson fue en los congresos de la CUT brasile\u00f1a, en la d\u00e9cada de 1980. \u00c9l estaba all\u00ed en calidad de Secretario General de la ORIT, y yo asist\u00eda en el papel m\u00e1s humilde de Subdirector de Asuntos Internacionales para la UFCW.<\/p>\n<p>Qued\u00e9 de inmediato impresionado por su franqueza, amabilidad y sabidur\u00eda. Fue muy amable conmigo y pareci\u00f3 apreciar mi representaci\u00f3n de un importante sindicato norteamericano en estos eventos cr\u00edticos de la historia contempor\u00e1nea del movimiento obrero brasile\u00f1o.<\/p>\n<p>Tras ser nombrado Director Adjunto de Asuntos Internacionales de AFL-CIO, Responsable de las Am\u00e9ricas, en 1997 por el Presidente John Sweeney, tuve el honor y el privilegio de trabajar con Luis m\u00e1s estrechamente.<\/p>\n<p>Esta camarader\u00eda se hizo a\u00fan m\u00e1s fuerte con la elecci\u00f3n a Presidenta de la ORIT en 2001 de la Vicepresidenta Ejecutiva de AFL-CIO, Linda Chavez-Thompson.<\/p>\n<p>Luis vivi\u00f3 y muri\u00f3 para la solidaridad sindical interamericana. Cre\u00eda en ello desde el fondo de su ser, y con la evidente convicci\u00f3n de que los trabajadores de Norteam\u00e9rica necesitaban unir fuerzas con sus hermanas y hermanos de Am\u00e9rica Latina y el Caribe. Sab\u00eda que nuestros intereses comunes eran mucho m\u00e1s fuertes que nuestras diferencias.<\/p>\n<p>Luis fue una inspiraci\u00f3n y un mentor. Aprend\u00ed mucho de nuestras conversaciones durante la cena y el caf\u00e9, y especialmente durante las conferencias de la OIT en Ginebra.<\/p>\n<p>Quince a\u00f1os despu\u00e9s de su prematura despedida, recuerdo el verso sombr\u00edo del poeta peruano C\u00e9sar Vallejo: \u00ab\u00a1Hay golpes en la vida, tan fuertes\u2026, Yo no s\u00e9!\u00bb.<\/p>\n<p>De hecho, la partida de Luis fue un \u201cgolpe en mi vida\u201d. Pero tambi\u00e9n creo que \u00e9l querr\u00eda que continu\u00e1semos con la solidaridad laboral interamericana que tanto apreciaba.<\/p>\n<p><strong>Stanley A. Gacek.\u00a0<\/strong><strong>Washington, Octubre 2018.<\/strong><\/p>\n","protected":false},"excerpt":{"rendered":"<p>La primera vez que me encontr\u00e9 con el compa\u00f1ero Luis Anderson fue en los congresos de la CUT brasile\u00f1a, en la d\u00e9cada de 1980. \u00c9l estaba all\u00ed en calidad de Secretario General de la ORIT, y yo asist\u00eda en el papel m\u00e1s humilde de Subdirector de Asuntos Internacionales para la UFCW. Qued\u00e9 de inmediato impresionado [&hellip;]<\/p>\n","protected":false},"author":1,"featured_media":693,"comment_status":"open","ping_status":"open","sticky":false,"template":"","format":"standard","meta":{"footnotes":""},"categories":[6],"tags":[],"_links":{"self":[{"href":"https:\/\/fundacionluisanderson.org\/index.php\/wp-json\/wp\/v2\/posts\/354"}],"collection":[{"href":"https:\/\/fundacionluisanderson.org\/index.php\/wp-json\/wp\/v2\/posts"}],"about":[{"href":"https:\/\/fundacionluisanderson.org\/index.php\/wp-json\/wp\/v2\/types\/post"}],"author":[{"embeddable":true,"href":"https:\/\/fundacionluisanderson.org\/index.php\/wp-json\/wp\/v2\/users\/1"}],"replies":[{"embeddable":true,"href":"https:\/\/fundacionluisanderson.org\/index.php\/wp-json\/wp\/v2\/comments?post=354"}],"version-history":[{"count":1,"href":"https:\/\/fundacionluisanderson.org\/index.php\/wp-json\/wp\/v2\/posts\/354\/revisions"}],"predecessor-version":[{"id":729,"href":"https:\/\/fundacionluisanderson.org\/index.php\/wp-json\/wp\/v2\/posts\/354\/revisions\/729"}],"wp:featuredmedia":[{"embeddable":true,"href":"https:\/\/fundacionluisanderson.org\/index.php\/wp-json\/wp\/v2\/media\/693"}],"wp:attachment":[{"href":"https:\/\/fundacionluisanderson.org\/index.php\/wp-json\/wp\/v2\/media?parent=354"}],"wp:term":[{"taxonomy":"category","embeddable":true,"href":"https:\/\/fundacionluisanderson.org\/index.php\/wp-json\/wp\/v2\/categories?post=354"},{"taxonomy":"post_tag","embeddable":true,"href":"https:\/\/fundacionluisanderson.org\/index.php\/wp-json\/wp\/v2\/tags?post=354"}],"curies":[{"name":"wp","href":"https:\/\/api.w.org\/{rel}","templated":true}]}}