{"id":342,"date":"2018-10-30T03:23:16","date_gmt":"2018-10-30T03:23:16","guid":{"rendered":"http:\/\/nastacloud.com\/demo\/fundacionluisanderson\/?p=342"},"modified":"2018-11-21T03:25:58","modified_gmt":"2018-11-21T03:25:58","slug":"recuerdo-de-luis-anderson-desde-la-republica-dominicana","status":"publish","type":"post","link":"https:\/\/fundacionluisanderson.org\/index.php\/2018\/10\/30\/recuerdo-de-luis-anderson-desde-la-republica-dominicana\/","title":{"rendered":"Recuerdo de Luis Anderson desde la Rep\u00fablica Dominicana"},"content":{"rendered":"<p>Luis Anderson, l\u00edder y secretario general de la Organizaci\u00f3n Regional Interamericana de Trabajadores (ORIT), asumi\u00f3 con gran responsabilidad la reparaci\u00f3n de la imagen de la organizaci\u00f3n deteriorada por su involucramiento\u00a0\u00a0 en los vaivenes de las diferencias pol\u00edticas antag\u00f3nicas de la guerra fr\u00eda. En esos a\u00f1os, ORIT hab\u00eda adoptado decisiones cuestionables en favor de reg\u00edmenes antidemocr\u00e1ticos de la regi\u00f3n, lo\u00a0\u00a0 que la perfilaba como una organizaci\u00f3n muy comprometida con posiciones intervencionistas y de gobiernos ultraconservadores.<\/p>\n<p>A Anderson le correspondi\u00f3 dar cauce a la lucha de la ORIT por el sendero de la democracia y los verdaderos derechos humanos de los\/as trabajadores\/as.<\/p>\n<p>Eran los a\u00f1os de la perestroika y la glasnost, del\u00a0 despertar del neoliberalismo,\u00a0 y la llamada\u00a0 d\u00e9cada\u00a0 perdida con el Consenso de Washington para el achicamiento del poder del Estado y\u00a0 la privatizaci\u00f3n de los servicios p\u00fablicos, el shock de los ajustes fondomonetaristas y el surgimiento de su \u201ccomod\u00edn\u201d, el di\u00e1logo social. En este escenario, Luis Anderson jugo un papel preponderante por el mejor posicionamiento de los derechos de los trabajadores y trabajadoras de Las Am\u00e9ricas con su lema \u201cDemocracia con pan, paz y libertad\u201d.<\/p>\n<p>Se necesitaba que la ORIT fuese democr\u00e1tica e inclusiva, m\u00e1s diversa de pensamiento pol\u00edtico, de ah\u00ed su empe\u00f1o en la afiliaci\u00f3n de organizaciones que hasta el momento se hab\u00edan mantenido alejadas.<\/p>\n<p>Recuerdo que cuando visitaba a Rep\u00fablica Dominicana, como forma de expresar la apertura pol\u00edtica de la ORIT en su gesti\u00f3n dec\u00eda: \u201cla ORIT tiene en su seno organizaciones tradicionalmente amigas como CNTD y las izquierdistas como la CUT\/Brasil y la CTU de Rep\u00fablica Dominicana\u201d\u201d.<\/p>\n<p>Otro campo de trabajo de Anderson fue la promoci\u00f3n de la participaci\u00f3n de las mujeres trabajadoras a trav\u00e9s del Comit\u00e9 de la Mujer Trabajadora (COMUT, hoy CMTA, en la CSA), as\u00ed como tambi\u00e9n de la juventud trabajadora.<\/p>\n<p>Tambi\u00e9n manifestaba preocupaci\u00f3n por el crecimiento imparable de la informalidad en situaci\u00f3n de exclusi\u00f3n.<\/p>\n<p>En mi incipiente carrera sindical como presidenta de la CTU, en 1997 tuve con Luis Anderson una experiencia\u00a0\u00a0 que me sirvi\u00f3 de lecci\u00f3n: cuando me correspondi\u00f3 acompa\u00f1arle al Congreso de la AFL-CIO. Se debat\u00eda si el legislativo deb\u00eda dejar al presidente Clinton aplicar la v\u00eda r\u00e1pida para la renovaci\u00f3n de los acuerdos multifibra con Centroam\u00e9rica y Rep\u00fablica Dominicana, o si el legislativo decidir\u00eda la suerte de dicho acuerdo, situaci\u00f3n a lo que los trabajadores norteamericanos estaban opuestos por lo que pon\u00edan presi\u00f3n pol\u00edtica en el pa\u00eds.<\/p>\n<p>Cuando en el desarrollo del congreso, aparecieron pancartas diciendo \u201cNo al <em>fast track<\/em>\u201d, Anderson nos dijo a los invitados: \u201cesto es una vaina, porque yo estoy de acuerdo con la continuidad de los acuerdos, ya que si no, el empleo en las zonas francas entra en crisis en nuestra regi\u00f3n\u2026 lo que tenemos que hacer es luchar junto con los norteamericanos para que el empleo sea digno y con derechos en esas empresas, no que se les cierre la oportunidades de invertir en nuestros pa\u00edses\u201d.<\/p>\n<p>La muerte le sorprendi\u00f3 echando su \u00faltima batalla de la \u00e9poca, contra el Acuerdo de Libre Comercio de las Am\u00e9ricas y El Caribe, (ALCA), al cual la nueva ORIT\/CSA, dio el golpe final en Mar de Plata, Argentina en el a\u00f1o 2005.<\/p>\n<p><strong>Eulogia Familia, Santo Domingo, Octubre 2018<\/strong><\/p>\n","protected":false},"excerpt":{"rendered":"<p>Luis Anderson, l\u00edder y secretario general de la Organizaci\u00f3n Regional Interamericana de Trabajadores (ORIT), asumi\u00f3 con gran responsabilidad la reparaci\u00f3n de la imagen de la organizaci\u00f3n deteriorada por su involucramiento\u00a0\u00a0 en los vaivenes de las diferencias pol\u00edticas antag\u00f3nicas de la guerra fr\u00eda. En esos a\u00f1os, ORIT hab\u00eda adoptado decisiones cuestionables en favor de reg\u00edmenes antidemocr\u00e1ticos [&hellip;]<\/p>\n","protected":false},"author":1,"featured_media":903,"comment_status":"open","ping_status":"open","sticky":false,"template":"","format":"standard","meta":{"footnotes":""},"categories":[6],"tags":[],"_links":{"self":[{"href":"https:\/\/fundacionluisanderson.org\/index.php\/wp-json\/wp\/v2\/posts\/342"}],"collection":[{"href":"https:\/\/fundacionluisanderson.org\/index.php\/wp-json\/wp\/v2\/posts"}],"about":[{"href":"https:\/\/fundacionluisanderson.org\/index.php\/wp-json\/wp\/v2\/types\/post"}],"author":[{"embeddable":true,"href":"https:\/\/fundacionluisanderson.org\/index.php\/wp-json\/wp\/v2\/users\/1"}],"replies":[{"embeddable":true,"href":"https:\/\/fundacionluisanderson.org\/index.php\/wp-json\/wp\/v2\/comments?post=342"}],"version-history":[{"count":1,"href":"https:\/\/fundacionluisanderson.org\/index.php\/wp-json\/wp\/v2\/posts\/342\/revisions"}],"predecessor-version":[{"id":933,"href":"https:\/\/fundacionluisanderson.org\/index.php\/wp-json\/wp\/v2\/posts\/342\/revisions\/933"}],"wp:featuredmedia":[{"embeddable":true,"href":"https:\/\/fundacionluisanderson.org\/index.php\/wp-json\/wp\/v2\/media\/903"}],"wp:attachment":[{"href":"https:\/\/fundacionluisanderson.org\/index.php\/wp-json\/wp\/v2\/media?parent=342"}],"wp:term":[{"taxonomy":"category","embeddable":true,"href":"https:\/\/fundacionluisanderson.org\/index.php\/wp-json\/wp\/v2\/categories?post=342"},{"taxonomy":"post_tag","embeddable":true,"href":"https:\/\/fundacionluisanderson.org\/index.php\/wp-json\/wp\/v2\/tags?post=342"}],"curies":[{"name":"wp","href":"https:\/\/api.w.org\/{rel}","templated":true}]}}