{"id":324,"date":"2018-10-30T02:49:04","date_gmt":"2018-10-30T02:49:04","guid":{"rendered":"http:\/\/nastacloud.com\/demo\/fundacionluisanderson\/?p=324"},"modified":"2018-11-21T03:08:46","modified_gmt":"2018-11-21T03:08:46","slug":"luis-anderson-el-valor-de-la-evolucion-y-sus-limites","status":"publish","type":"post","link":"https:\/\/fundacionluisanderson.org\/index.php\/2018\/10\/30\/luis-anderson-el-valor-de-la-evolucion-y-sus-limites\/","title":{"rendered":"Luis Anderson: El valor de la evoluci\u00f3n y sus l\u00edmites"},"content":{"rendered":"<p>En los homenajes se suele pintar al protagonista de color de rosa. En el caso de Luis Anderson no ser\u00eda lo m\u00e1s apropiado y no lo digo, dios me libre, por tratarse de \u201cel Negro\u201d. El bromeaba cuando al llegar a un sitio se le preguntaba \u00bfde d\u00f3nde vienes Luis? y respond\u00eda: de \u00c1frica. Pero si hablamos en un sentido pol\u00edtico yo creo que tuvo diversas tonalidades seg\u00fan las \u00e9pocas.<\/p>\n<p>Seguramente todas las semblanzas ensalzar\u00e1n su trabajo y su legado sindical en Am\u00e9rica Latina. Sin haberle conocido muy a fondo, puedo confirmar muchas de las virtudes personales y sindicales que se atribuyen a Luis Anderson entre otras cosas porque en el tramo en que yo le trat\u00e9, entre 1988 y 2003, fue cuando m\u00e1s destac\u00f3 en su liderazgo y en su proyecci\u00f3n en el sindicalismo mundial.<\/p>\n<p>Tambi\u00e9n porque mi relaci\u00f3n personal fue bastante cordial y debo decir que pese a su alto rango de secretario general fue siempre muy accesible y de conversaci\u00f3n f\u00e1cil y amena. Por sus or\u00edgenes jamaicanos su lengua materna era el ingl\u00e9s, algo que yo no sab\u00eda y que no detect\u00e9 pues manejaba la lengua cervantina de forma muy desenvuelta, ingeniosa y divertida. Hablar\u00e9 despu\u00e9s de algunos desencuentros.<\/p>\n<p>Ser\u00e1n otros quienes describan con m\u00e1s conocimientos el giro progresista que Anderson dio a la ORIT, con el apoyo de Enzo Friso, secretario general de la CIOSL entre 1992 y 1995 y anteriormente secretario general adjunto.<\/p>\n<p>Enzo Friso hab\u00eda entendido que el derrumbamiento del mundo socialista y el fin de la bipolaridad tendr\u00edan consecuencias tambi\u00e9n en el sindicalismo internacional donde decaer\u00eda la lucha por el hegemonismo entre la CIOSL y la Federaci\u00f3n Sindical Mundial (FSM) y se har\u00eda necesaria la recomposici\u00f3n para atajar la ofensiva neoliberal que ya hab\u00eda golpeado seriamente a los sindicatos y que se agudizar\u00eda en el nuevo escenario.<\/p>\n<p>Hab\u00eda que reforzarse en el Sur, y para ello era necesario atraer a las organizaciones que la guerra fr\u00eda hab\u00eda dejado en \u201cel otro lado\u201d o en los aleda\u00f1os. Friso que hab\u00eda comenzado su carrera sindical internacional formado en las escuelas del sindicalismo ferozmente anticomunista de EEUU terminar\u00eda, ya jubilado, militando en el PDS partido italiano heredero del hist\u00f3rico PCI. Dimiti\u00f3 de la CIOSL por razones poco explicadas pero algo tendr\u00eda que ver en ello la disconformidad que en la DGB y en otros poderosos sindicatos despertaba su cr\u00edtica frontal al capitalismo salvaje que se estaba implantando en los pa\u00edses del Este de Europa, como se visualiz\u00f3 en un enfrentamiento p\u00fablico con el primer ministro checo V\u00e1clav Klaus.<\/p>\n<p>Friso y Anderson se alineaban con quienes pensaban que con la finalizaci\u00f3n de la confrontaci\u00f3n Este\/Oeste se relanzar\u00eda la mundializaci\u00f3n econ\u00f3mica y aflorar\u00eda el conflicto Norte\/Sur.<\/p>\n<p>En Am\u00e9rica Latina no se trataba tanto de ganarse a los sindicatos afiliados a la FSM, la Internacional de orientaci\u00f3n comunista, que no eran muchos aunque alguno prestigioso como la CGTP de Per\u00fa, sino sobre todo de atraerse a \u00a0centrales importantes y de l\u00ednea izquierdista como las CUT de Brasil y Colombia o el PIT-CNT de Uruguay.<\/p>\n<p>Pero en algunos de esos y otros sindicatos se desconfiaba de la ORIT a la que segu\u00edan viendo como el brazo de la AFL-CIO de EEUU, que durante d\u00e9cadas con apoyo del Departamento de Estado, hab\u00eda alentado a las corrientes y centrales m\u00e1s conservadoras en contra precisamente de las de l\u00ednea clasista. Ese papel predominante de la AFL-CIO en la ORIT, mucho m\u00e1s all\u00e1 de lo que le daba ser su afiliada m\u00e1s grande, se mantuvo incluso durante los a\u00f1os en que la AFL-CIO estuvo fuera de la CIOSL por desacuerdos con los europeos.<\/p>\n<p>Lo cierto es que la propia AFL-CIO y sus sindicatos (duramente golpeados durante los mandatos de\u00a0 Reagan y de Bush padre)\u00a0 terminaron por darse cuenta de que en realidad\u00a0 hab\u00edan estado tirando piedras a su propio tejado pues con las aperturas comerciales (como el NAFTA) para defender los est\u00e1ndares laborales norteamericanos y evitar la deslocalizaci\u00f3n de empresas y de servicios lo que mejor le ven\u00eda era la existencia de sindicatos fuertes en Am\u00e9rica Latina que encarecieran el valor del trabajo, sin importar si eran ideol\u00f3gicamente radicales. As\u00ed que la AFL-CIO no obstaculiz\u00f3 el giro pol\u00edtico de la ORIT sino que apoy\u00f3 plenamente el proyecto de apertura que encabezaba Anderson.<\/p>\n<p>La AFL-CIO ostentaba la presidencia de la ORIT por medio de la tejana Linda Chavez-Thompson, un cargo no ejecutivo pero que ella ejerci\u00f3 de forma muy activa y que por su trayectoria y su origen hispano y afro-dependiente coadyuv\u00f3 a que el \u201chermano del Norte\u201d sindical fuera visto con mejores ojos por los latinoamericanos.<\/p>\n<p>En el libro de conversaciones de Luis Anderson y de Bruno Trentin, titulado precisamente Nord<em> Sud<\/em><a href=\"#_ftn1\" name=\"_ftnref1\"><em><strong>[1]<\/strong><\/em><\/a> se plasman muchas de las posiciones m\u00e1s progresistas que yo he escuchado o le\u00eddo de Anderson. Tanto de autocritica al pasado de la CIOSL y de la ORIT, como de propuestas de futuro superadoras de la guerra fr\u00eda, a favor de una mundializaci\u00f3n justa y de un nuevo concepto de la solidaridad. Ciertamente en esas p\u00e1ginas (en las que coinciden b\u00e1sicamente las opiniones de los dos autores) Anderson no reniega de la historia de la CIOSL ni de la ORIT y las defiende de acusaciones infundadas desde <em>\u201caparatos propangandistas <\/em>de<em> la URSS o de la FSM\u201d<\/em> como la de haber sostenido a reg\u00edmenes dictatoriales. Anderson lo niega y alega que en todo caso fueron decisiones tomadas por afiliadas nacionales y nunca avaladas por los \u00f3rganos de la CIOSL o de la ORIT.<\/p>\n<p>Veo un antes y un despu\u00e9s de la ORIT tras el ingreso de la CUT de Brasil. El peso de la gran central brasile\u00f1a hizo que desde su ingreso el centro de gravedad de la ORIT pasara a estar en Sao Paulo, a\u00f1os antes de que tambi\u00e9n estuviera la sede. La CUT aportaba tambi\u00e9n a la ORIT y a la CIOSL su notable influencia internacional pues manten\u00eda relaciones muy estrechas con centrales significativas en todos los continentes como la CTC de Cuba, el COSATU de Sud\u00e1frica y otras muchas.<\/p>\n<p>Bruno Trentin en sus diarios (<em>Diari 1988-1994<\/em>) hace un comentario muy elogioso sobre Anderson, inusitado en un texto donde la mayor\u00eda de los personajes citados no salen muy bien parados: <em>He tenido<\/em> (con Anderson) <em>un coloquio muy estimulante sobre la situaci\u00f3n del movimiento sindical en Am\u00e9rica Latina. Su visi\u00f3n sobre el papel aut\u00f3nomo de los sindicatos y sobre la necesidad de abrir un verdadero y propio frente de lucha contra la putrefacci\u00f3n burocr\u00e1tica y la conexi\u00f3n sofocante con los partidos y el Estado que los ha transformado a muchos de ellos en un cuerpo separado de la sociedad civil, enemigo de la masa creciente de los trabajadores precarios e informales. <\/em><\/p>\n<p>&nbsp;<\/p>\n<p>Subrayado queda que Anderson apost\u00f3 por la renovaci\u00f3n del sindicalismo latinoamericano y mundial y ahora quiero terminar hablando de algunos claroscuros que honestamente creo que debo se\u00f1alar y que pueden dar alg\u00fan inter\u00e9s a mi art\u00edculo.<\/p>\n<p>Tengo la impresi\u00f3n de que en los \u00faltimos a\u00f1os Luis Anderson no estaba tan convencido del \u201cgiro a la izquierda\u201d como si pensara que \u00e9ste hab\u00eda ido demasiado lejos. La aparici\u00f3n del chavismo (entonces la ORIT ten\u00eda la sede en Caraca) puede estar al fondo de esas dudas y de algunas actuaciones contradictorias con el rumbo que el mismo hab\u00eda trazado.\u00a0 Cuando en abril de 2002 celebramos en Madrid la 1\u00aa Cumbre Sindical UE-Am\u00e9rica Latina, acababa de producirse el golpe de estado contra Ch\u00e1vez y en su Declaraci\u00f3n se incluy\u00f3 una condena del golpe militar. Anderson no vino a la reuni\u00f3n (su adjunto V\u00edctor B\u00e1ez represent\u00f3 a la ORIT) pero me consta que dio su conformidad a rega\u00f1adientes y solo para evitar el fracaso de la Cumbre. Hay que decir que por el contrario el secretario general de la CLAT Eduardo Garc\u00eda Moure fue muy tajante en la necesidad de condenar el golpe en Venezuela, e incluso, siendo \u00e9l un exiliado cubano, tambi\u00e9n acept\u00f3 que se incluyera el rechazo al bloqueo a Cuba. Ambas menciones no significaban en absoluto conformidad o apoyo a los gobiernos de esos pa\u00edses a los que, como a los dem\u00e1s, se les exig\u00eda respeto a los derechos humanos y laborales.<\/p>\n<p>Desde algunos a\u00f1os antes se hab\u00eda despertado cierta desconfianza de Anderson sobre la autonom\u00eda de la Coordinadora del Mercosur (CCSCS) y de rebote sobre el trabajo conjunto que \u00e9sta y la Confederaci\u00f3n Europea de Sindicatos (CES) llevaban para influir en las negociaciones entre la Uni\u00f3n Europea y el Mercosur. La CCSCS era, y es, independiente pero estaba vinculada a la ORIT que la apoyaba y que hasta esos momentos no hab\u00eda \u00a0mostrado recelos. Hubo numerosas actividades conjuntas entre la CES y la CCSCS (incluyendo tambi\u00e9n a la CTCS estructura de la CLAT en Mercosur antes de su fusi\u00f3n con ORIT) de seguimiento de las negociaciones del Acuerdo de Asociaci\u00f3n tanto en Bruselas como en Montevideo, en algunas de las cuales particip\u00f3 Anderson.<\/p>\n<p>En esos a\u00f1os parec\u00eda que el Mercosur iba a acelerar su proceso de integraci\u00f3n a semejanza de la UE y se aspiraba a que el Acuerdo de Asociaci\u00f3n con Europa fuera un contra modelo del ALCA con EEUU.\u00a0 La presencia de la CES en Am\u00e9rica Latina era tambi\u00e9n una consecuencia del \u201cProceso de Rio\u201d de 1999 cuando ambas regiones se propusieron una alianza que solo ha cuajado parcialmente en el plano comercial y que tiene su m\u00e1xima visibilidad institucional en las cumbres bi-anuales de Jefes de Estado.<\/p>\n<p>La CES, desde 1991 trataba de incidir en las crecientes relaciones internacionales de la UE, algo que en el pasado por su menor relieve o por imposici\u00f3n de las Internacionales CIOSL y CMT hab\u00eda \u201cdelegado\u201d en \u00e9stas.\u00a0 En alg\u00fan momento se temi\u00f3 que el fortalecimiento de la CCSCS pod\u00eda llevarla m\u00e1s all\u00e1 de una \u201csimple coordinadora\u201d y a semejanza de la CES convertirse en una estructura con mayores competencias org\u00e1nicas y pol\u00edticas restando papel a la ORIT. Cuando en una reuni\u00f3n de la CCSCS (Santa Cruz de la Sierra, Bolivia, septiembre de 2001) se expuso verbalmente que la conveniencia de que la CCSCS caminara hacia su conversi\u00f3n en Confederaci\u00f3n, Anderson me pregunt\u00f3 en la misma sala si yo sab\u00eda que eso se iba a presentar y le dije que al igual que \u00e9l me acababa de enterar.<\/p>\n<p>Nadie de la Coordinadora ten\u00eda porqu\u00e9 consultarme pues las relaciones de la CES con la Coordinadora, que ten\u00eda dirigentes de extraordinaria capacidad, era de respeto mutuo y m\u00e1s en asuntos internos.<\/p>\n<p>Ante las dudas de Anderson volv\u00ed hablar con \u00e9l largamente en Bruselas donde me expres\u00f3 con franqueza que tem\u00eda que la Coordinadora se estructurara como central y se desdibujara el papel de la ORIT e incluso que se debilitara econ\u00f3micamente si disminu\u00edan las cotizaciones a la OIT en favor de una CCSCS reforzada.<\/p>\n<p>Anderson era un convencido del proceso de integraci\u00f3n que representaba la Uni\u00f3n Europea y entend\u00eda y aceptaba que la CES ten\u00eda que hacer un seguimiento de las negociaciones comerciales. Pero creo que le inquietaba que indirectamente ese trabajo beneficiara la alianza que desde d\u00e9cadas hab\u00edan mantenido los sindicatos del sur de Europa (especialmente los considerados \u201ccomunistas\u201d) con los sindicatos latinoamericanos de tendencia \u201cizquierdista\u201d y perjudicara la cooperaci\u00f3n bilateral directa de los sindicatos europeos en su conjunto con la ORIT. Puede que en estos recelos latiera m\u00e1s un inter\u00e9s de tipo organizativo burocr\u00e1tico que una oposici\u00f3n pol\u00edtica.<\/p>\n<p>En a\u00f1os posteriores a la muerte de Anderson se aclarar\u00edan algunas de estas contradicciones con una mayor sincron\u00eda Coordinadora-ORIT. Tambi\u00e9n se asentar\u00eda la pluralidad y avanzar\u00eda la unidad del sindicalismo latinoamericano y mundial, aunque con nuevos contratiempos.<\/p>\n<p>Bueno hasta aqu\u00ed mis recuerdos de Luis Anderson, gran\u00a0 dirigente en un \u00a0sub-continente que ha dado a lo largo de la historia del movimiento sindical numerosas figuras de diferentes tendencias como por ejemplo los tambi\u00e9n fallecidos Vicente Lombardo Toledano, L\u00e1zaro Pe\u00f1a, Luis Figueroa, Emilio M\u00e1spero, Jos\u00e9 D\u2019El\u00eda, Juan Lechin\u2026, de los vivos solo mencionar\u00e9 a Luis Inacio Lula da Silva.<\/p>\n<p><span style=\"font-size: 0.8em;\"><a href=\"#_ftnref1\" name=\"_ftn1\">[1]<\/a> COROSSACZ, Nana: <em>Nord Sud. Lavoro, diritti e sindicato nel mondo<\/em>, 1996, Roma, Ediesse.<\/span><\/p>\n<p><strong>Juan Moreno.<\/strong><\/p>\n","protected":false},"excerpt":{"rendered":"<p>En los homenajes se suele pintar al protagonista de color de rosa. En el caso de Luis Anderson no ser\u00eda lo m\u00e1s apropiado y no lo digo, dios me libre, por tratarse de \u201cel Negro\u201d. El bromeaba cuando al llegar a un sitio se le preguntaba \u00bfde d\u00f3nde vienes Luis? y respond\u00eda: de \u00c1frica. Pero [&hellip;]<\/p>\n","protected":false},"author":1,"featured_media":905,"comment_status":"open","ping_status":"open","sticky":false,"template":"","format":"standard","meta":{"footnotes":""},"categories":[6],"tags":[],"_links":{"self":[{"href":"https:\/\/fundacionluisanderson.org\/index.php\/wp-json\/wp\/v2\/posts\/324"}],"collection":[{"href":"https:\/\/fundacionluisanderson.org\/index.php\/wp-json\/wp\/v2\/posts"}],"about":[{"href":"https:\/\/fundacionluisanderson.org\/index.php\/wp-json\/wp\/v2\/types\/post"}],"author":[{"embeddable":true,"href":"https:\/\/fundacionluisanderson.org\/index.php\/wp-json\/wp\/v2\/users\/1"}],"replies":[{"embeddable":true,"href":"https:\/\/fundacionluisanderson.org\/index.php\/wp-json\/wp\/v2\/comments?post=324"}],"version-history":[{"count":1,"href":"https:\/\/fundacionluisanderson.org\/index.php\/wp-json\/wp\/v2\/posts\/324\/revisions"}],"predecessor-version":[{"id":923,"href":"https:\/\/fundacionluisanderson.org\/index.php\/wp-json\/wp\/v2\/posts\/324\/revisions\/923"}],"wp:featuredmedia":[{"embeddable":true,"href":"https:\/\/fundacionluisanderson.org\/index.php\/wp-json\/wp\/v2\/media\/905"}],"wp:attachment":[{"href":"https:\/\/fundacionluisanderson.org\/index.php\/wp-json\/wp\/v2\/media?parent=324"}],"wp:term":[{"taxonomy":"category","embeddable":true,"href":"https:\/\/fundacionluisanderson.org\/index.php\/wp-json\/wp\/v2\/categories?post=324"},{"taxonomy":"post_tag","embeddable":true,"href":"https:\/\/fundacionluisanderson.org\/index.php\/wp-json\/wp\/v2\/tags?post=324"}],"curies":[{"name":"wp","href":"https:\/\/api.w.org\/{rel}","templated":true}]}}