{"id":289,"date":"2018-10-29T00:01:33","date_gmt":"2018-10-29T00:01:33","guid":{"rendered":"http:\/\/nastacloud.com\/demo\/fundacionluisanderson\/?p=289"},"modified":"2018-11-13T20:57:46","modified_gmt":"2018-11-13T20:57:46","slug":"al-amigo-quince-anos-despues","status":"publish","type":"post","link":"https:\/\/fundacionluisanderson.org\/index.php\/2018\/10\/29\/al-amigo-quince-anos-despues\/","title":{"rendered":"Al amigo\u2026 quince a\u00f1os despu\u00e9s"},"content":{"rendered":"<p>Med\u00eda casi dos metros, flaco y espigado. En ese entonces peinaba afro al estilo Bob Marley. Creo que fue en la \u00e9poca que fungi\u00f3 como dirigente sindical del Local 907 en la Zona del Canal. Ten\u00eda un tono de voz vibrante y sonora que a\u00fan a distancia no pasaba inadvertido. F\u00edsicamente marcaba presencia.<\/p>\n<p>Lo conoc\u00ed en Miami en un congreso del sindicato de municipales de la AFL-CIO en el a\u00f1o 1975. Los dos fuimos invitados en calidad de dirigentes sindicales por William Sinclair de la ISP y desde un primer momento sintonizamos como buenos vecinos de frontera.<\/p>\n<p>Por recomendaci\u00f3n de Rodolfo Ben\u00edtez, a quien hab\u00eda conocido como representante de la IPCTT, me invit\u00f3 a\u00f1os despu\u00e9s \u2013ya como Secretario General de la CTRP\u2013 a Panam\u00e1 para que dictara una charla sobre relaciones entre partidos pol\u00edticos y sindicatos. Era el inicio del PRD y la confederaci\u00f3n no pod\u00eda quedar aislada de la vida pol\u00edtica ni de la efervescencia social que se viv\u00eda en torno al tema de la recuperaci\u00f3n del Canal.<\/p>\n<p>Poco tiempo permaneci\u00f3 en la CTRP, porque al a\u00f1o siguiente fue llamado por el General Omar Torrijos para que ocupara el puesto de Viceministro de Trabajo. Al final del a\u00f1o, me volvi\u00f3 a invitar a Panam\u00e1 para conversar sobre una oferta que le hab\u00edan hecho para que asumiera la Secretar\u00eda General de la ORIT y ah\u00ed me propuso para que formara parte de su equipo en Ciudad de M\u00e9xico.<\/p>\n<p>\u2013Luis, \u00bfme est\u00e1s proponiendo que te acompa\u00f1e a trabajar en una organizaci\u00f3n desprestigiada que lleva el estigma de ser manipulada por la CIA?<\/p>\n<p>\u2013No \u2013me contest\u00f3 de inmediato\u2013. Te estoy pidiendo que me acompa\u00f1es a transformar una organizaci\u00f3n sindical importante en Am\u00e9rica.<\/p>\n<p>Re\u00edmos un rato con cerveza en mano al estilo caribe\u00f1o y quedamos de hablar despu\u00e9s. La oferta qued\u00f3 en el aire y yo regres\u00e9, cavilando, a mis habituales tareas de capacitaci\u00f3n en CEDAL, La Catalina.<\/p>\n<p>Pasaron varios meses. Concertamos dos o tres reuniones, largas llamadas telef\u00f3nicas y yo por mi lado no dejaba de conversar con mi esposa los pros y contras de esa decisi\u00f3n. No fue f\u00e1cil trasladar con b\u00e1sicas pretensiones salariales un n\u00facleo familiar de seis personas, cuatro ni\u00f1os de escuela, mi esposa y yo, hacia una aventura de horizontes poco claros.<\/p>\n<h3><strong>M\u00e9xico, algo m\u00e1s que mariachis y tequila<\/strong><\/h3>\n<p>La Ciudad de M\u00e9xico es un plato fuerte para cualquier viajero y m\u00e1s para un paname\u00f1o y un tico. Cohabitar en ella entra\u00f1a acostumbrarse a la gran metr\u00f3poli, aprender a respirar en altura y con smog, vivir lo colosal como norma de vida y adem\u00e1s, sobrevivir la agitaci\u00f3n del conglomerado humano y vehicular de una de las urbes m\u00e1s pobladas del mundo.<\/p>\n<p>A Luis le toc\u00f3 llegar a una ORIT alica\u00edda, desmantelada y con m\u00faltiples desaf\u00edos: el personal ven\u00eda de la vieja escuela, los asistentes cercanos a la Secretar\u00eda General no correspond\u00edan a las inquietudes del nuevo jefe ni el ritmo de trabajo sintonizaba con lo que \u00e9l esperaba.<\/p>\n<p>Sin embargo, \u00e9l mostr\u00f3 su personalidad fuerte. No hab\u00eda llegado de paseo ni por razones de destierro y tra\u00eda en mente inquietudes e ideales tan grandes como la ciudad que lo recib\u00eda. M\u00e9xico no era estaci\u00f3n de paso; por el contrario, fue una gran naci\u00f3n que lo realiment\u00f3 y ayud\u00f3 a ver y pensar en grande.<\/p>\n<p>En el tercer piso del edifico de la CTM, en Vallarta 8, estaban las oficinas de la ORIT y desde los ventanales se dejaban ver viejas edificaciones coloniales y una plaza con amplias \u00e1reas verdes que ostentaba un imponente monumento a la Revoluci\u00f3n Mexicana. Los monumentos, las avenidas, ejes y calles aleda\u00f1as que nos encuadraban ten\u00edan nombres sugerentes: Insurgentes, Reforma, Cuauht\u00e9moc\u2026 Todo evocaba un pasado hist\u00f3rico de orgullo patrio, nacionalista, sin duda, pero al mismo tiempo direccionado a revalorar nuestros antepasados originarios.<\/p>\n<p>Lo prehisp\u00e1nico exaltaba la raza, la valoraci\u00f3n de lo ind\u00edgena. El descubrimiento y la colonizaci\u00f3n estaban presentes con colorido en los murales de Diego Rivera. La independencia no era una fecha perdida en el calendario, sino la fecha m\u00e1s importante y la Revoluci\u00f3n Mexicana, que despu\u00e9s de m\u00e1s de doscientos a\u00f1os se sent\u00eda a\u00fan inconclusa, no dejaba de flotar en el ambiente. Ese fue el h\u00e1bitat cultural que nos arrop\u00f3 en medio de una estructura pol\u00edtica que ya cabeceaba y no ha dejado de transformarse hasta nuestros d\u00edas.<\/p>\n<p>Mi incorporaci\u00f3n no fue un contrato formal de trabajo, sino un pacto de amistad y compromiso que lleg\u00f3 hasta el d\u00eda de su muerte. Mentir\u00eda si digo que ten\u00edamos un plan o modelo preconcebido para la ORIT, porque no sab\u00edamos en ese momento qu\u00e9 iba a suceder ni qu\u00e9 era posible hacer en esas circunstancias. Solo ten\u00edamos la certeza de que ser\u00eda diferente.<\/p>\n<p>Firm\u00e9 como director del Departamento de Educaci\u00f3n, pero las funciones desde el principio rebasaron ese \u00e1mbito. Fueron m\u00e1s all\u00e1 de programas, eventos y conferencias educativas y se perfilaron en la pr\u00e1ctica cotidiana en un acompa\u00f1amiento o asistencia a la Secretar\u00eda General.<\/p>\n<p>Fue una circunstancia laboral que conjug\u00f3 dos personalidades, con dos concepciones distintas, en un momento determinado: una te\u00f3rica, inspirada en el socialismo democr\u00e1tico orientada por m\u00e1s de siete a\u00f1os con la Fundaci\u00f3n Ebert y otra formada en la pr\u00e1ctica pol\u00edtica como dirigente sindical primero y luego, como alto funcionario p\u00fablico de un gobierno progresista de izquierda, que enfrent\u00f3 la potencia hegem\u00f3nica m\u00e1s importante de la \u00e9poca. Luis no ostentaba \u2013ni pretend\u00eda\u2013 una formaci\u00f3n ideol\u00f3gica determinada. Tampoco manejaba el lenguaje acostumbrado de la academia. Era fundamentalmente intuitivo y actuaba con l\u00f3gica asertiva y sin adornos ni recovecos asi llegaba r\u00e1pidamente a la causa medular de los problemas. Su experiencia laboral de electricista en la zona del Canal a la par de trabajadores estadounidenses y luego en la mesa de negociaciones a nivel de pa\u00eds, le ense\u00f1aron a negociar sin complejos con aquellos que en la guerra fr\u00eda se cre\u00edan capataces del patio trasero del imperio.<\/p>\n<p>R\u00e1pidamente entr\u00f3 en escena en las reuniones del Comit\u00e9 Ejecutivo y foros internacionales convocados por la CIOSL u otros organismos y mostr\u00f3 con \u00e9xito su aguda inteligencia, su personalidad firme e independiente en la toma de decisiones. Coincidi\u00f3 su llegada con una Europa que en esos momentos miraba hacia Am\u00e9rica Latina y el Caribe a trav\u00e9s de \u00f3pticas distintas a las acostumbradas, entre ellas, la Internacional Socialista (IS), que buscaban acercar los partidos afines de la regi\u00f3n a posiciones menos lineales a la pol\u00edtica exterior de los Estados Unidos. La ORIT poco a poco empez\u00f3 a mostrar que quer\u00eda lavar la imagen de organizaci\u00f3n financiada, controlada y dirigida por EE.UU.<\/p>\n<p>La CIOSL \u2013dirigida en ese entonces por Johnny Vanderveken\u2013 estaba aguijoneada por inquietas organizaciones sindicales europeas de distintos pa\u00edses: Noruega, Holanda, Italia, Espa\u00f1a, Francia y Alemania. Ellos buscaban, sin mayor estridencia y m\u00e1s bien con cierta cautela, abrir espacio entre los bloques hegem\u00f3nicos. Estaban informados y conoc\u00edan bien los movimientos pol\u00edticos y sociales de nuestros pa\u00edses y por ello ve\u00edan con simpat\u00eda a ese negro de casi dos metros que se abr\u00eda campo, sin temores, como grande entre los grandes.<\/p>\n<p>Coincidi\u00f3 en ese per\u00edodo de reconstrucci\u00f3n de la ORIT un aliado valioso: Enzo Friso, quien se desempe\u00f1aba en ese momento como Director de la Oficina para ALC en Bruselas, sede de nuestra organizaci\u00f3n mundial. Lo acompa\u00f1aba Juan Manuel Sep\u00falveda, exiliado chileno en B\u00e9lgica, que fue a parar por esos lares y se convirti\u00f3 en su mano derecha. Juntos desplegaron un excelente trabajo en atenci\u00f3n, apoyo y respaldo a los movimientos sociales progresistas.<\/p>\n<p>Juan Manuel hab\u00eda vivi\u00f3 en carne propia el destierro y aprendi\u00f3 que la violaci\u00f3n de los derechos humanos en una dictadura de derecha no hace distingos entre comunistas, socialistas, socialdem\u00f3cratas o dem\u00f3cratas cristianos; todos forman parte de un solo paquete peligroso para los militares y por ello no dudan en relegar, aterrorizar, encarcelar o asesinar.<\/p>\n<p>Por eso y dado el abandono en la conducci\u00f3n de la ORIT, la desconfianza pol\u00edtica y la falta de personal en M\u00e9xico, la CIOSL hab\u00eda sustituido estas carencias con ayuda solidaria directa a organizaciones sindicales no afiliadas a la ORIT y contrarias o indecisas de la l\u00ednea anticomunista del IADSL. De hecho, el sindicalismo democr\u00e1tico que operaba en la regi\u00f3n estaba cruzado por dos influencias pol\u00edticas distintas.<\/p>\n<p>La ORIT era cobijada por Estados Unidos, pero no era una organizaci\u00f3n pol\u00edticamente homog\u00e9nea. En ella conviv\u00edan organizaciones poderosas como AFLCIO (EE.UU.), CLC (Canad\u00e1), otras corporativas de distinto cu\u00f1o: mexicanas, argentinas y brasile\u00f1as. Adem\u00e1s, se sumaban muchas peque\u00f1as de etiquetas democr\u00e1ticas, pero generalmente subsidiadas por Estados Unidos (Centro Am\u00e9rica, Caribe, Colombia) y una organizaci\u00f3n mediana como la CTV de Venezuela socialdem\u00f3crata. Todas de una forma u otra compet\u00edan a nivel nacional con las organizadas y tuteladas por los comunistas. Por su parte, un bloque de organizaciones independiente se manten\u00edan: (CUT\/Brasil, CUT\/Chile, CEOSL\/Ecuador) y crec\u00edan distantes de esos dos polos.<\/p>\n<p>Un hecho que ilustra el acople institucional y pol\u00edtico que se dio entre CIOSL y ORIT termin\u00f3 en una conversaci\u00f3n de Enzo y Luis, donde el acuerdo era que la dupla Sep\u00falveda\/ Castillo deb\u00eda organizar un periplo a los pa\u00edses del cono sur a efecto de trazar una estrategia mancomunada. La visi\u00f3n de dos hombres especiales como Enzo y Luis mostr\u00f3 voluntad y decisi\u00f3n de empezar a ordenar la casa.<\/p>\n<h3><strong>La educaci\u00f3n, eje de la pol\u00edtica<\/strong><\/h3>\n<p>El nuevo secretario no solo dio todo el apoyo a los programas de educaci\u00f3n, sino que le otorg\u00f3 centralidad pol\u00edtica durante su gesti\u00f3n. Los discursos, las publicaciones y las acciones pol\u00edticas se enriquecieron con reflexiones, ideas y valores relacionados con los problemas concretos de los trabajadores. La democracia no se defini\u00f3 por el anticomunismo. El sindicalismo no era apol\u00edtico, como se acostumbraba anestesiar en ese entonces, sino que su origen hist\u00f3rico era pol\u00edtico, se desplegaba en escenarios pol\u00edticos y su impacto ten\u00eda como fin incidir en las estructuras de poder.<\/p>\n<p>Por su lado, Enzo y Sep\u00falveda propiciaron contactos y con ayuda de Nancy Ram\u00edrez \u2013anfitriona, traductora y amiga\u2013 se abrieron puertas en Europa para establecer relaciones con organizaciones colaboradoras y se elaboraron proyectos de largo alcance.<\/p>\n<p>El punto de apoyo econ\u00f3mico de la ORIT segu\u00eda siendo AFLCIO. No obstante, ya no depend\u00eda exclusivamente de ellos ni de su equipo de colaboradores, que operaban en casi todos los pa\u00edses del hemisferio. Europa empez\u00f3 a apuntalar el proceso de transformaci\u00f3n de la regional y otras fuentes de informaci\u00f3n, como las oficinas de la FES, ayudaron a establecer otros enlaces y ampliar la cobertura.<\/p>\n<p>La transformaci\u00f3n de la ORIT se fue dando en varias formas y momentos: primero, una conducci\u00f3n incuestionable que rescataba esencia, presencia, respeto y tal vez lo m\u00e1s importante, dado el delicado contexto geopol\u00edtico, manten\u00eda una coexistencia entre Estados Unidos y Europa como aliados, sin que la desconfianza condujera a graves conflictos internos ni a la divisi\u00f3n de la organizaci\u00f3n.<\/p>\n<p>Segundo, en la sede se agreg\u00f3 personal y se revitaliz\u00f3 la estructura con mejores y m\u00e1s eficientes servicios. Los departamentos de mujeres, derechos humanos y juventud se a\u00f1adieron al departamento de proyectos socio-econ\u00f3micos, que estuvo siempre bajo la direcci\u00f3n de los excelentes compa\u00f1eros de la HISTADRUT: Ariel Kalder, Manuel Topel, Miguel Frolich, Rafael Arazi.<\/p>\n<p>Tercero, sin premeditaci\u00f3n ideol\u00f3gica ni simpat\u00eda partidaria, se fue acercando un grupo de intelectuales, estudiosos de estos temas, algunos m\u00e1s amigos que otros, procedentes de pa\u00edses y profesiones diversas, pero todos interesados en la problem\u00e1tica laboral y sindical. Esa particular amalgama ten\u00eda bases de izquierda socialista, pero discrepante de la ortodoxia marxista. Fue un grupo sui g\u00e9neris que con el tiempo se convirti\u00f3 en asesor y colaborador directo de la Secretar\u00eda General o de proyectos de formaci\u00f3n y en definitiva ser\u00eda el n\u00facleo generador del pensamiento de orientaci\u00f3n en la ORIT. Fue un fen\u00f3meno extra\u00f1o en su integraci\u00f3n, procedencia y cohesi\u00f3n que muy pocas veces se da.<\/p>\n<p>Entre ellos estaban Beethoven Herrera, colombiano, fil\u00f3sofo, historiador, economista y sobre todas las cosas, un excelente educador, amigo de la causa de los trabajadores; Julio Godio, argentino, fil\u00f3sofo, soci\u00f3logo, escritor prol\u00edfero y especialmente, investigador acucioso de los fen\u00f3menos pol\u00edticos y sociales de los pa\u00edses de ALC; David Mena, soci\u00f3logo salvadore\u00f1o, exiliado en M\u00e9xico, hombre cercano al Dr. Guillermo Ungo, quien fuera el brazo pol\u00edtico del FMLN, quienes con ideas denunciaban las atrocidades de los militares.<\/p>\n<p>En ese momento la ORIT no contaba con proyectos ni recursos para contratar profesionales de este nivel. Fue un trabajo voluntario y enlazado fuertemente por la amistad y la identificaci\u00f3n a la osad\u00eda de un proyecto que se atrev\u00eda a proponer y pensar un sindicalismo latinoamericanista.<\/p>\n<p>Hubo empat\u00eda entre los miembros y fue f\u00e1cil sincronizar planteamientos y de esa fuente surgieron documentos novedosos para congresos, estudios serios en torno a las causas de la crisis econ\u00f3mica, an\u00e1lisis de coyuntura pol\u00edtica m\u00e1s equilibrados, defensa irrestricta a los derechos humanos contra cualquier tipo de dictadura, la crisis de los pa\u00edses de Centroam\u00e9rica, no reducida a los intereses norte-sur, sino este-oeste, lucha frontal a la escalada militarista en el cono sur, rechazo a la invasi\u00f3n a Granada, apoyo al Grupo Contadora y defensa a la revoluci\u00f3n sandinista, que ten\u00eda sustento \u00e9tico en ese entonces y derecho justificado de intentar un proyecto de sociedad distinto, lamentablemente malogrado.<\/p>\n<p>Los pa\u00edses de la regi\u00f3n viv\u00edan encendida ebullici\u00f3n: guerra en Centroam\u00e9rica, guerrilla en Colombia, terrorismo de Estado contra los trabajadores en el cono sur de gobiernos militares para. La ORIT no doblaba el brazo. Estaba empecinada en que en los extremos no estaba la salida. Fue un tiempo de crispaci\u00f3n pol\u00edtica, mucho movimiento, misiones, actividades, invitaciones y una \u00e9poca productiva en la elaboraci\u00f3n de pensamiento desde nuestras ra\u00edces y no desde \u00e1mbitos fuera de nuestro inter\u00e9s, porque en los centros de poder persist\u00eda el manique\u00edsmo que reduc\u00eda la problem\u00e1tica sociopol\u00edtica a lucha armada anticomunista.<\/p>\n<p>Por su parte, Luis no era un l\u00edder para repetir documentos elaborados desde Bruselas o redactados por otros. Ten\u00eda esa cualidad que est\u00e1 entrando en desuso: le\u00eda y todo lo revisaba, discut\u00eda, ped\u00eda explicaciones y correg\u00eda aquellos pasajes en que no estaba de acuerdo o no consideraba correctos. Era un l\u00edder que explicaba en sencillo lo que otros escrib\u00edan complejo y nunca pretendi\u00f3 aparecer con una imagen de intelectual.<\/p>\n<h3><strong>La estructura creci\u00f3<\/strong><\/h3>\n<p>De hecho se fueron perfilando con el tiempo dos grupos: un n\u00facleo en M\u00e9xico constituido por funcionarios y otro el grupo asesor externo que se reun\u00eda ocasionalmente. Al primero se sum\u00f3 Carlos Enrique Arias, Olga Hammar y despu\u00e9s, Ofelia Londo\u00f1o, Ana Nitoslaska, Eduardo Rodr\u00edguez, Martha Escarpato y Diego Olivares. En el terreno, Comberthy Rodr\u00edguez \u2013quien dirig\u00eda la oficina en Costa Rica\u2013, V\u00edctor B\u00e1ez en Asunci\u00f3n y Fernando Serrano, primero en S<em>\u00e3<\/em>o Paulo\/Brasil y luego en Buenos Aires.<\/p>\n<p>Tiempo despu\u00e9s al grupo asesor\/externo se incorpor\u00f3 \u00c1lvaro Orsatti e Hilda S\u00e1nchez, una pareja de economistas que quedar\u00edan matrimoniados para siempre a las organizaciones sindicales, junto con su hijo Bruno, que naci\u00f3 con la buena vibra de todos los t\u00edos del equipo.<\/p>\n<p>Las ideas y planteamientos de la ORIT desestabilizan los esquemas y los clich\u00e9s maniqueos que persist\u00edan, alcanz\u00f3 prestigio y los proyectos de diferentes fuentes ofrecieron recursos financieros para que la organizaci\u00f3n creciera aut\u00f3noma y empezara a convertirse \u2013sin lugar a dudas\u2013 en la protagonista sindical de mayor prestigio en el universo pol\u00edtico regional y mundial.<\/p>\n<h3><strong>Un proyecto determinante <\/strong><\/h3>\n<p>Uno de los proyectos que marc\u00f3 el desarrollo de la instituci\u00f3n fue el proyecto italiano que \u2013a solicitud de Luis\u2013 fue promovido y gestado por nuestro acucioso amigo de la CISL, Luigi Cal, padrino de Edwin, el \u00faltimo hijo de Luis, nacido en M\u00e9xico. \u00c9l se mov\u00eda con agilidad y diplomacia veneciana en las altas esferas del gobierno italiano y tambi\u00e9n en los pasillos con olor a incienso del Vaticano.<\/p>\n<p>Producto de ese dinamismo de Cal llegamos a una reuni\u00f3n con Giulio Andreotti, Primer Ministro de Italia, en su oficina privada cerca del parlamento, a conversar sobre un posible proyecto de formaci\u00f3n sindical para ALC. Andreotti \u2013metido en un estricto e impecable traje entero azul, con lentes de marco gruesos, encorvado no solo por los a\u00f1os, sino por el peso de la historia que cargaba\u2013 nos recibi\u00f3 amablemente y en medio del intercambio de la informaci\u00f3n general le dijo a Luis en un tono fino como disculp\u00e1ndose:<\/p>\n<p>\u2013Comprender\u00e1s que ese monto ($5, 000,000) no puede entregarlos directamente el gobierno italiano a la ORIT. Requerimos que los fondos sean canalizados a trav\u00e9s de un organismo de Naciones Unidas.<\/p>\n<p>Luigi entr\u00f3 en escena como int\u00e9rprete, terci\u00f3 con elegancia y desliz\u00f3 el nombre de la OIT como posible canal institucional.<\/p>\n<p>Luis sin titubear respondi\u00f3 con la celeridad de siempre:<\/p>\n<p>\u2013De acuerdo. La OIT nos parece ideal y no tenemos ninguna objeci\u00f3n, en el entendido de que nosotros facilitaremos al encargado de dirigir el proyecto.<\/p>\n<p>Como suele suceder en estos casos, un apret\u00f3n de manos, salida protocolaria y a la buena mesa bajo la gu\u00eda gastron\u00f3mica del amigo, hombre culto, pol\u00edglota, caballero a lo italiano y buen conocedor de Roma.<\/p>\n<p>Fue en ese momento, entre bromas, vino y risotto o en otro momento parecido \u2013no tengo la certeza\u2013 cuando Luis marc\u00f3 la cancha al indicar que el proyecto en marras, de aprobarse, quedar\u00eda bajo mi direcci\u00f3n. Era una expectativa y como tal, no volvimos a hablar del asunto y de nuevo regresamos al torbellino de una organizaci\u00f3n que se reinventaba todos los d\u00edas.<\/p>\n<p>Luigi no defraud\u00f3, nunca defraud\u00f3 a Luis, tampoco al sindicalismo latinoamericano que le debe mucho. Pero lo cierto es que tiempo despu\u00e9s inform\u00f3 que el proyecto hab\u00eda sido aprobado y proceder\u00edan a establecer los contactos con la OIT\/Ginebra.<\/p>\n<p>Un d\u00eda de tantos, estando en M\u00e9xico, lleg\u00f3 la comunicaci\u00f3n de la OIT con la oferta del trabajo, donde estipulaba requisitos y condiciones. Era un documento oficial que yo ten\u00eda que firmar. Despu\u00e9s de leer la redacci\u00f3n acostumbrada, llegu\u00e9 al monto del salario y para sorpresa m\u00eda, el monto asignado superaba por mucho lo que yo ganaba. Como no ten\u00eda idea del porqu\u00e9 de esa cifra, sorprendido fui al despacho de Luis y le dije:<\/p>\n<p>\u2013Luis, aqu\u00ed hay algo equivocado. Este salario no puede ser. Es un monto que rompe toda la escala salarial de la ORIT.<\/p>\n<p>Ley\u00f3 con detenimiento, fumando como de costumbre, queriendo tragarse el cigarrillo y entre bocanadas de humo me dijo:<\/p>\n<p>\u2013 \u00a1Co\u00f1o! Esto no lo hab\u00edamos pensado\u2026 Es otro nivel.<\/p>\n<p>Inc\u00f3modo, sintiendo culpa y sin tener claro que decir, respond\u00ed:<\/p>\n<p>\u2013Luis, eso no puede ser\u2026 No puedo ganar m\u00e1s que vos\u2026 \u00bfC\u00f3mo podemos remediarlo\u2026?<\/p>\n<p>\u2013Nada\u2026 absolutamente nada. No se puede cambiar ni vamos a cambiar. Esa es la pol\u00edtica de las Naciones Unidas, es la OIT y vos ahora vas a ser funcionario de la OIT. Ni vos ni yo tramamos para que as\u00ed fuera. Ni siquiera lo pediste\u2026 Es tu suerte y lo mereces, aprov\u00e9chalo\u2026 junto con tu familia.<\/p>\n<p>Este hecho retrata a Luis en sus valores, convicciones y manera de ser como persona.<\/p>\n<p>Pero no fue solo una vez que dio muestra de su integridad. En el congreso de 1989 el ataque del IADSL fue directo contra m\u00ed y el grupo asesor. Para ellos Luis no era el problema. El mal radicaba en quienes lo rodeaban. Deduciendo los inconvenientes y riesgo que arrastraban \u201clas malas compa\u00f1\u00edas\u201d a las puertas de unas elecciones, yo suger\u00ed que renunci\u00e1ramos, que lo importante era ganar la elecci\u00f3n. La respuesta fue tambi\u00e9n del mismo tono:<\/p>\n<p>\u2013No, Gerardo. Si dejamos que nos doblen la mano en esta oportunidad, nunca m\u00e1s podremos retomar el control de la organizaci\u00f3n. Vamos juntos pase lo que pase hasta al final.<\/p>\n<h3><strong>Luis como persona<\/strong>.<\/h3>\n<p>No actuaba como jefe, sino como un <em>pater familias<\/em> velaba y proteg\u00eda al grupo, y para \u00e9l, en la ORIT \u2013m\u00e1s que funcionarios\u2013 fuimos hermanos y los hijos de los compa\u00f1eros de trabajo eran parte de la instituci\u00f3n. Eso era lo que trasmit\u00eda en los c\u00edrculos de trabajo que se fueron formando. Hab\u00eda una fuerte cohesi\u00f3n: la amistad, el compa\u00f1erismo, la franqueza y la lealtad<\/p>\n<p>Luis era de una sola pieza, no hab\u00eda por d\u00f3nde equivocarse. Lo que decid\u00eda pod\u00eda ser acertado o equivocado, tozudo muchas veces, pero nunca con doble discurso o cartas escondidas. Autoritario, grit\u00f3n con frecuencia e iracundo algunas veces, pero nunca hipocr\u00e1tica ni pusil\u00e1nime. Era directo, franco y como amigo no exist\u00edan dobleces.<\/p>\n<p>En su apretada agenda, siempre buscaba y encontraba tiempo para reunirse con sus <em>brothers<\/em> del Caribe, dirigentes de CTRP, su organizaci\u00f3n o con los centroamericanos.<\/p>\n<p>Con el staff, despu\u00e9s de grandes acontecimientos, celebraciones o ratos de esparcimiento: eran tragos, canciones, poes\u00eda. Diego con su guitarra sal\u00eda a recorrer por la cintura c\u00f3smica del sur, con Beethoven no pod\u00eda faltar la Serenata Tucumana, el repertorio de canciones mexicanas eran a coro de muchas voces y no faltaba la tristeza del viejo tango y las tonadas de protesta. La poes\u00eda se abr\u00eda campo a empujones y tropezaba con bromas, pero Vallejo, Dar\u00edo, Lorca y Neruda entraban en escena. Luis no se achicaba tampoco en estos escenarios y sacaba sus infaltables Versos del Capit\u00e1n y los de Chorrillos.<\/p>\n<p>Ese men\u00fa de trabajo-amistad, autoridad-libaci\u00f3n mezclados enfatizaba su fase humana que irradi\u00f3 y contagi\u00f3, y por eso era normal y agradable llegar a Bruselas, compartir un asado en la casa de Juan Manuel con su esposa e hijos, comer con Enzo en Waterloo donde viv\u00eda y caminar Roma en compa\u00f1\u00eda de Luigi Cal.<\/p>\n<p>S\u00ed, viajamos por ALC en cada pa\u00eds tuvimos m\u00e1s contactos, m\u00e1s amigos y m\u00e1s gente que sumaba esfuerzos por la nueva ORIT. Aqu\u00ed la lista se alarga, las an\u00e9cdotas muchas y las luchas incontables.<\/p>\n<h3><strong>El resultado: una nueva ORIT<\/strong><\/h3>\n<p>La transformaci\u00f3n de la ORIT fue gradual en la forma, pero radical en el fondo. Si con el liderazgo y presencia de Luis se recuper\u00f3 imagen, con el proyecto italiano se obtuvo autonom\u00eda econ\u00f3mica, la cual permiti\u00f3 tejer un hilo conductor en el quehacer educativo, desarrollar nuevos temas y estimular los equipos v\u00eda consultor\u00edas. Se produjo pensamiento sindical del mejor nivel y con los mejores hombres en sus respectivos campos.<\/p>\n<p>Los documentos de la ORIT los ley\u00f3 Pedro Vuskovic. Los an\u00e1lisis referidos a las nuevas tecnolog\u00edas fueron aporte invaluable de Oscar Tangelson y Leonardo Merten. La seguridad social fue orientada y fundamentada con la experiencia de Alfredo Conte Grand y el sector informal lo avanzaron Miguel Frolich y \u00c1lvaro Orsatti con aliento de PREAL y la oficina de la OIT Santiago de Chile.<\/p>\n<p>Los nuevos enfoques de la educaci\u00f3n sindical se nutrieron de intercambios con las escuelas de CISL, conversaciones constantes con sus directores, visitas a los centros de la DGB en Alemania y a las escuelas que impulsaron en Brasil, como Ca\u00f1amar y Florian\u00f3polis.<\/p>\n<p>Tambi\u00e9n avanzamos con una serie de ONS, la creaci\u00f3n de una red de alianzas e intercambios rec\u00edprocos. Con las fundaciones espa\u00f1olas ISCOD de UGT, mantuvimos entra\u00f1ables relaciones con Maite y Manolo Bonmati y apoyo profesional muy calificado de la CCOO. En los programas de capacitaci\u00f3n del George Meany estuvimos varias veces como expositores y en Argentina contribuimos con la creaci\u00f3n del Instituto Arturo Jauretche.<\/p>\n<p>Emergi\u00f3 una nueva ORIT y esto fue gracias a esa conjunci\u00f3n de razones, factores y circunstancias que se dieron como una constelaci\u00f3n que puso en fila astros y estrellas. No obstante, en materia de grupo humano no fue el azar. Fueron personas de carne y hueso, con vicios y virtudes, que tuvieron un l\u00edder que cohesion\u00f3, defendi\u00f3 y puso el pecho por su equipo.<\/p>\n<p>En definitiva, el balance general es favorable. La ORIT limpi\u00f3 su imagen como organizaci\u00f3n, alcanz\u00f3 a ser la estructura regional m\u00e1s representativa en ese momento, con el mayor prestigio y reconocimiento en los foros pol\u00edticos y sindicales m\u00e1s relevantes de la regi\u00f3n y del mundo.<\/p>\n<h3><strong>La OIT: Una organizaci\u00f3n amiga<\/strong><\/h3>\n<p>Una persona determinante en el proceso fue Giuseppe Querenghi, llamado con cari\u00f1o por todos nosotros como Pino, quien hab\u00eda trabajado en ALC como Especialista en Educaci\u00f3n Obrera de la OIT y conoc\u00eda a fondo el mundo sindical latinoamericano. Un hombre discreto, respetuoso e inteligente, firme en sus decisiones y maestro en el arte de las formas. Esta \u00faltima cualidad era clave en las relaciones que el proyecto ten\u00eda que mantener con el engranaje pol\u00edtico-administrativo de la OIT. Si bien dicho proyecto era para apoyar el fortalecimiento de la formaci\u00f3n sindical de la ORIT, en sus aspectos formales y procedimientos, la ejecuci\u00f3n de las actividades estaba sujeta a los reglamentos y disposiciones que reg\u00eda la OIT\u2026 que no eran pocos ni f\u00e1ciles de manejar.<\/p>\n<p>A poco tiempo de arrancar el proyecto, se corri\u00f3 el rumor de que Luis y Gerardo hac\u00edan lo que les daba la gana con los fondos. Luis y Pino concretaron una reuni\u00f3n que tuvo como objetivo la evaluaci\u00f3n de lo actuado y la revisi\u00f3n de cuentas. Para ello tuvieron la genialidad de invitar a la gente del IADSL para que conocieran, discutieran y formaran parte de los planes y controles con los que se manejaron los recursos. Hasta ah\u00ed llegaron los rumores y nunca m\u00e1s, hasta la conclusi\u00f3n del proyecto, se volvi\u00f3 a hablar de este asunto.<\/p>\n<p>Pino sustituy\u00f3 a Cesar Poloni como jefe de la Unidad de Formaci\u00f3n de ACTRAV y fue el hombre importante para interceder al interior de la OIT en lo concerniente a las relaciones del proyecto con otras jefaturas, \u00e1reas de responsabilidad, coordinaci\u00f3n y cumplimiento de un mundo de papeles y deberes. La maquinaria de la OIT, el temple de Luis y el acople de estas esferas de influencia rec\u00edproca eran indispensables, al punto de que Pino una vez me dijo:<\/p>\n<p>\u2013El \u00e9xito de este proyecto estriba en tu relaci\u00f3n con Luis. Sin esto hubiera sido muy dif\u00edcil llevarlo a delante\u2026<\/p>\n<p>Yo, despu\u00e9s de trabajar en la OIT por m\u00e1s de quince a\u00f1os, hoy respondo atrasado, pero con mayor justicia:<\/p>\n<p>\u2013Pino, el \u00e9xito del proyecto en buena parte fue precisamente por el respaldo y cobertura que vos siempre nos brindaste.<\/p>\n<h3>.<strong>Ep\u00edlogo <\/strong><\/h3>\n<p>Lo narrado aqu\u00ed es testimonial, subjetivo, no sigue ning\u00fan orden cronol\u00f3gico. Es posible que otros protagonistas aludidos encuentren imprecisiones que mi memoria no haya registrado con exactitud. Tambi\u00e9n faltan nombres y an\u00e9cdotas de amigos que no cit\u00e9 y con los cuales quedaron lazos indisolubles. A todos disculpas. Mi \u00fanica justificaci\u00f3n es que lo expuesto tiene como raz\u00f3n de ser sacar del pecho lo que mejor guardo, lo que compart\u00ed durante esa primera d\u00e9cada de la ORIT, lo que fue el paso por M\u00e9xico, lo que signific\u00f3 para m\u00ed y mi familia\u2026 un cambio que marc\u00f3 la vida de todos.<\/p>\n<p>Cuando sal\u00ed de M\u00e9xico, flot\u00f3 un acuerdo t\u00e1cito de continuar escribiendo esta historia. Luis me dijo:<\/p>\n<p>\u2013San Jos\u00e9 de M\u00e9xico queda a solo tres horas\u2026 Seguiremos en contacto\u2026<\/p>\n<h2><strong>GERARDO CASTILLO HERNANDEZ<\/strong><\/h2>\n<h4>San Jos\u00e9 Costa Rica, septiembre del 2018<\/h4>\n<p>&nbsp;<\/p>\n","protected":false},"excerpt":{"rendered":"<p>Med\u00eda casi dos metros, flaco y espigado. En ese entonces peinaba afro al estilo Bob Marley. Creo que fue en la \u00e9poca que fungi\u00f3 como dirigente sindical del Local 907 en la Zona del Canal. Ten\u00eda un tono de voz vibrante y sonora que a\u00fan a distancia no pasaba inadvertido. F\u00edsicamente marcaba presencia. Lo conoc\u00ed [&hellip;]<\/p>\n","protected":false},"author":1,"featured_media":736,"comment_status":"open","ping_status":"open","sticky":false,"template":"","format":"standard","meta":{"footnotes":""},"categories":[6],"tags":[],"_links":{"self":[{"href":"https:\/\/fundacionluisanderson.org\/index.php\/wp-json\/wp\/v2\/posts\/289"}],"collection":[{"href":"https:\/\/fundacionluisanderson.org\/index.php\/wp-json\/wp\/v2\/posts"}],"about":[{"href":"https:\/\/fundacionluisanderson.org\/index.php\/wp-json\/wp\/v2\/types\/post"}],"author":[{"embeddable":true,"href":"https:\/\/fundacionluisanderson.org\/index.php\/wp-json\/wp\/v2\/users\/1"}],"replies":[{"embeddable":true,"href":"https:\/\/fundacionluisanderson.org\/index.php\/wp-json\/wp\/v2\/comments?post=289"}],"version-history":[{"count":1,"href":"https:\/\/fundacionluisanderson.org\/index.php\/wp-json\/wp\/v2\/posts\/289\/revisions"}],"predecessor-version":[{"id":737,"href":"https:\/\/fundacionluisanderson.org\/index.php\/wp-json\/wp\/v2\/posts\/289\/revisions\/737"}],"wp:featuredmedia":[{"embeddable":true,"href":"https:\/\/fundacionluisanderson.org\/index.php\/wp-json\/wp\/v2\/media\/736"}],"wp:attachment":[{"href":"https:\/\/fundacionluisanderson.org\/index.php\/wp-json\/wp\/v2\/media?parent=289"}],"wp:term":[{"taxonomy":"category","embeddable":true,"href":"https:\/\/fundacionluisanderson.org\/index.php\/wp-json\/wp\/v2\/categories?post=289"},{"taxonomy":"post_tag","embeddable":true,"href":"https:\/\/fundacionluisanderson.org\/index.php\/wp-json\/wp\/v2\/tags?post=289"}],"curies":[{"name":"wp","href":"https:\/\/api.w.org\/{rel}","templated":true}]}}