{"id":1185,"date":"2021-12-10T18:21:20","date_gmt":"2021-12-10T18:21:20","guid":{"rendered":"http:\/\/fundacionluisanderson.org\/?p=1185"},"modified":"2021-12-10T20:36:39","modified_gmt":"2021-12-10T20:36:39","slug":"desaparicion-fisica-de-nuestro-amigo-luigi-cal","status":"publish","type":"post","link":"https:\/\/fundacionluisanderson.org\/index.php\/2021\/12\/10\/desaparicion-fisica-de-nuestro-amigo-luigi-cal\/","title":{"rendered":"Desaparici\u00f3n f\u00edsica de nuestro amigo Luigi Cal"},"content":{"rendered":"<p>Nuestro compa\u00f1ero, nuestro amigo y hermano Luigi Cal ha pasado el l\u00edmite de la vida.<\/p>\n<p>Un hombre \u00edntegro, gran representante del movimiento sindical italiano e internacional y entregado a la defensa de los derechos humanos.<\/p>\n<p>Nuestra solidaridad y nuestras oraciones para sus amigos y familiares, y para su familia de la CISL.<\/p>\n<p><strong>Paz a su alma.<\/strong><\/p>\n<p><strong><a href=\"http:\/\/fundacionluisanderson.org\/relats-iuliano-lujigical\/\">Relatos Luigi Cal<\/a><\/strong><\/p>\n","protected":false},"excerpt":{"rendered":"<p>Nuestro compa\u00f1ero, nuestro amigo y hermano Luigi Cal ha pasado el l\u00edmite de la vida. Un hombre \u00edntegro, gran representante del movimiento sindical italiano e internacional y entregado a la defensa de los derechos humanos. Nuestra solidaridad y nuestras oraciones para sus amigos y familiares, y para su familia de la CISL. Paz a su [&hellip;]<\/p>\n","protected":false},"author":2,"featured_media":1186,"comment_status":"open","ping_status":"open","sticky":false,"template":"","format":"standard","meta":{"footnotes":""},"categories":[3,13],"tags":[],"_links":{"self":[{"href":"https:\/\/fundacionluisanderson.org\/index.php\/wp-json\/wp\/v2\/posts\/1185"}],"collection":[{"href":"https:\/\/fundacionluisanderson.org\/index.php\/wp-json\/wp\/v2\/posts"}],"about":[{"href":"https:\/\/fundacionluisanderson.org\/index.php\/wp-json\/wp\/v2\/types\/post"}],"author":[{"embeddable":true,"href":"https:\/\/fundacionluisanderson.org\/index.php\/wp-json\/wp\/v2\/users\/2"}],"replies":[{"embeddable":true,"href":"https:\/\/fundacionluisanderson.org\/index.php\/wp-json\/wp\/v2\/comments?post=1185"}],"version-history":[{"count":2,"href":"https:\/\/fundacionluisanderson.org\/index.php\/wp-json\/wp\/v2\/posts\/1185\/revisions"}],"predecessor-version":[{"id":1189,"href":"https:\/\/fundacionluisanderson.org\/index.php\/wp-json\/wp\/v2\/posts\/1185\/revisions\/1189"}],"wp:featuredmedia":[{"embeddable":true,"href":"https:\/\/fundacionluisanderson.org\/index.php\/wp-json\/wp\/v2\/media\/1186"}],"wp:attachment":[{"href":"https:\/\/fundacionluisanderson.org\/index.php\/wp-json\/wp\/v2\/media?parent=1185"}],"wp:term":[{"taxonomy":"category","embeddable":true,"href":"https:\/\/fundacionluisanderson.org\/index.php\/wp-json\/wp\/v2\/categories?post=1185"},{"taxonomy":"post_tag","embeddable":true,"href":"https:\/\/fundacionluisanderson.org\/index.php\/wp-json\/wp\/v2\/tags?post=1185"}],"curies":[{"name":"wp","href":"https:\/\/api.w.org\/{rel}","templated":true}]}}