{"id":999,"date":"2019-06-12T03:14:23","date_gmt":"2019-06-12T03:14:23","guid":{"rendered":"http:\/\/fundacionluisanderson.org\/?p=999"},"modified":"2019-06-12T03:16:05","modified_gmt":"2019-06-12T03:16:05","slug":"invitacion-a-presentacion-de-libro-y-documental-sobre-luis-anderson","status":"publish","type":"post","link":"http:\/\/fundacionluisanderson.org\/index.php\/2019\/06\/12\/invitacion-a-presentacion-de-libro-y-documental-sobre-luis-anderson\/","title":{"rendered":"INVITACION A PRESENTACION DE LIBRO Y DOCUMENTAL SOBRE LUIS ANDERSON"},"content":{"rendered":"<p><span style=\"font-weight: 400;\">La Fundaci\u00f3n Luis Anderson se complace en cursar invitaci\u00f3n para que asista a la presentaci\u00f3n del <\/span><b>LIBRO \u201cLUIS ANDERSON MEMORIA COLECTIVA DE UN CAMINO ANDADO. SU APORTE A LA RENOVACI\u00d3N DEL SINDICALISMO\u201d Y AL DOCUMENTAL SOBRE LUIS ANDERSON \u201cUNA L\u00cdNEA DE ACCI\u00d3N\u201d<\/b><span style=\"font-weight: 400;\">, el mi\u00e9rcoles 19 de junio de 2019, en el Salon Marta Matamoros del Instituto Paname\u00f1o de Estudios Laborales, a las 10:00 a.m. (Ave. Ricardo J. Alfaro, Edificio Plaza Edison, Mezzanine). Ambos documentos constituyen piezas valiosas de la historia del movimiento sindical y del reconocimiento de nuestros valores nacionales. <\/span><\/p>\n<p><span style=\"font-weight: 400;\">Su presencia ser\u00e1 de extraordinario valor. Le agradecemos confirmar participaci\u00f3n a los correos electr\u00f3nicos: <\/span><a href=\"mailto:aanderson@fundacionluisanderson.org\"><span style=\"font-weight: 400;\">aanderson@fundacionluisanderson.org<\/span><\/a><span style=\"font-weight: 400;\">; <\/span><a href=\"mailto:danderson@fundacionluisanderson.org\"><span style=\"font-weight: 400;\">danderson@fundacionluisanderson.org<\/span><\/a><\/p>\n<p><span style=\"font-weight: 400;\">Telefono: (507) 6981-0401.<\/span><\/p>\n<p><span style=\"font-weight: 400;\">Atentamente,<\/span><\/p>\n<div class=\"td-paragraph-padding-5\">\n<h3 style=\"text-align: center;\"><span style=\"font-weight: 400;\">DEUS NAVARRO<\/span><\/h3>\n<h3 style=\"text-align: center;\"><span style=\"font-weight: 400;\">Presidenta<\/span><\/h3>\n<\/div>\n<p>&nbsp;<\/p>\n<p style=\"text-align: center;\"><a href=\"http:\/\/fundacionluisanderson.org\/wp-content\/uploads\/2019\/06\/Invitacion-Presentacion-de-Libro.pdf\"><strong>Invitacion Presentacion de Libro<\/strong><\/a><\/p>\n","protected":false},"excerpt":{"rendered":"<p>La Fundaci\u00f3n Luis Anderson se complace en cursar invitaci\u00f3n para que asista a la presentaci\u00f3n del LIBRO \u201cLUIS ANDERSON MEMORIA COLECTIVA DE UN CAMINO ANDADO. SU APORTE A LA RENOVACI\u00d3N DEL SINDICALISMO\u201d Y AL DOCUMENTAL SOBRE LUIS ANDERSON \u201cUNA L\u00cdNEA DE ACCI\u00d3N\u201d, el mi\u00e9rcoles 19 de junio de 2019, en el Salon Marta Matamoros del [&hellip;]<\/p>\n","protected":false},"author":2,"featured_media":870,"comment_status":"open","ping_status":"open","sticky":false,"template":"","format":"standard","meta":{"footnotes":""},"categories":[3],"tags":[],"_links":{"self":[{"href":"http:\/\/fundacionluisanderson.org\/index.php\/wp-json\/wp\/v2\/posts\/999"}],"collection":[{"href":"http:\/\/fundacionluisanderson.org\/index.php\/wp-json\/wp\/v2\/posts"}],"about":[{"href":"http:\/\/fundacionluisanderson.org\/index.php\/wp-json\/wp\/v2\/types\/post"}],"author":[{"embeddable":true,"href":"http:\/\/fundacionluisanderson.org\/index.php\/wp-json\/wp\/v2\/users\/2"}],"replies":[{"embeddable":true,"href":"http:\/\/fundacionluisanderson.org\/index.php\/wp-json\/wp\/v2\/comments?post=999"}],"version-history":[{"count":3,"href":"http:\/\/fundacionluisanderson.org\/index.php\/wp-json\/wp\/v2\/posts\/999\/revisions"}],"predecessor-version":[{"id":1003,"href":"http:\/\/fundacionluisanderson.org\/index.php\/wp-json\/wp\/v2\/posts\/999\/revisions\/1003"}],"wp:featuredmedia":[{"embeddable":true,"href":"http:\/\/fundacionluisanderson.org\/index.php\/wp-json\/wp\/v2\/media\/870"}],"wp:attachment":[{"href":"http:\/\/fundacionluisanderson.org\/index.php\/wp-json\/wp\/v2\/media?parent=999"}],"wp:term":[{"taxonomy":"category","embeddable":true,"href":"http:\/\/fundacionluisanderson.org\/index.php\/wp-json\/wp\/v2\/categories?post=999"},{"taxonomy":"post_tag","embeddable":true,"href":"http:\/\/fundacionluisanderson.org\/index.php\/wp-json\/wp\/v2\/tags?post=999"}],"curies":[{"name":"wp","href":"https:\/\/api.w.org\/{rel}","templated":true}]}}