{"id":967,"date":"2019-05-21T16:33:44","date_gmt":"2019-05-21T16:33:44","guid":{"rendered":"http:\/\/fundacionluisanderson.org\/?p=967"},"modified":"2019-05-21T16:41:38","modified_gmt":"2019-05-21T16:41:38","slug":"nota-de-prensa-nueva-directiva","status":"publish","type":"post","link":"http:\/\/fundacionluisanderson.org\/index.php\/2019\/05\/21\/nota-de-prensa-nueva-directiva\/","title":{"rendered":"FUNDACION LUIS ANDERSON PARA LA INVESTIGACION Y EL DESARROLLO SINDICAL RENUEVA SU JUNTA DIRECTIVA"},"content":{"rendered":"<h2 style=\"text-align: center;\">FUNDACION LUIS ANDERSON PARA LA INVESTIGACION Y EL DESARROLLO SINDICAL RENUEVA SU JUNTA DIRECTIVA<br \/>\n(Nota de Prensa)<\/h2>\n<p style=\"text-align: left;\">Recientemente, el 15 de abril de 2019, la Fundaci\u00f3n Luis Anderson renov\u00f3 su Junta Directiva, con la incorporaci\u00f3n de varios l\u00edderes sindicales de las organizaciones de trabajadores de Panam\u00e1.<br \/>\nLuego de la conmemoraci\u00f3n del 15\u00b0 aniversario de la desaparici\u00f3n f\u00edsica de Luis Anderson, celebrada en la sede del Parlamento Latinoamericano de la ciudad de Panam\u00e1, el 15 de noviembre de 2018, la Fundaci\u00f3n decidi\u00f3 renovar y fortalecer sus estructuras, integrando en su gesti\u00f3n a las organizaciones fraternas del movimiento sindical sociopol\u00edtico inspirado por Luis Anderson.<\/p>\n<p style=\"text-align: left;\">La nueva Junta Directiva qued\u00f3 integrada de la siguiente manera:<\/p>\n<p style=\"text-align: left;\">a) Directora Presidente: Deus Dedith Navarro Poveda<br \/>\nb) Director Primer Vicepresidente: Aniano Pinz\u00f3n, Secretario General de la Confederaci\u00f3n Uni\u00f3n General de Trabajadores (UGT \u2013 Panam\u00e1)<br \/>\nc) Director Segundo Vicepresidente: Alejandro Haynes, Secretario General de la Federaci\u00f3n Nacional de Empleados P\u00fablicos (FENASEP)<br \/>\nd) Director Secretario, Julio F\u00e1brega, Secretario de Organizaci\u00f3n de la Confederaci\u00f3n de Trabajadores de la Rep\u00fablica de Panam\u00e1 (CTRP)<br \/>\ne) Director Tesorero: Jos\u00e9 Molina, Asesor de la CTRP<br \/>\nf) Director Vocal: Guillermo Puga, Secretario General de la CTRP<br \/>\ng) Director Vocal: Eliseo Escobar, Secretario de Asuntos Internacionales, UGT<\/p>\n<p style=\"text-align: left;\">As\u00ed mismo, se aprob\u00f3 la incorporaci\u00f3n de algunos profesionales y dirigentes nacionales e internacionales a la Junta Asesora de la Fundaci\u00f3n, a fin de fortalecer la capacidad de acci\u00f3n y gesti\u00f3n de conocimientos ante los grandes desaf\u00edos que depara el futuro del trabajo.<\/p>\n<p style=\"text-align: left;\">La nueva Junta Directiva avanza en la elaboraci\u00f3n de un plan de trabajo con iniciativas de investigaci\u00f3n aplicada, la difusi\u00f3n de informaci\u00f3n especializada y la gesti\u00f3n de conocimientos en los temas del mundo del trabajo en favor del desarrollo del movimiento sindical. As\u00ed mismo se impulsan nuevas alianzas con organismos internacionales como la OIT y PNUD, fundaciones privadas y otras entidades, para el seguimiento de la Agenda 2030 de las Naciones Unidas y del progreso hacia los objetivos de trabajo decente, justicia y equidad que animan a los trabajadores en general.<\/p>\n<p style=\"text-align: left;\">Panam\u00e1, 15 de mayo de 2019<\/p>\n<p><strong><a href=\"http:\/\/fundacionluisanderson.org\/wp-content\/uploads\/2019\/05\/NOTA-DE-PRENSA-NUEVA-DIRECTIVA.pdf\">Descargar NOTA DE PRENSA<\/a><\/strong><\/p>\n","protected":false},"excerpt":{"rendered":"<p>FUNDACION LUIS ANDERSON PARA LA INVESTIGACION Y EL DESARROLLO SINDICAL RENUEVA SU JUNTA DIRECTIVA (Nota de Prensa) Recientemente, el 15 de abril de 2019, la Fundaci\u00f3n Luis Anderson renov\u00f3 su Junta Directiva, con la incorporaci\u00f3n de varios l\u00edderes sindicales de las organizaciones de trabajadores de Panam\u00e1. Luego de la conmemoraci\u00f3n del 15\u00b0 aniversario de la [&hellip;]<\/p>\n","protected":false},"author":2,"featured_media":850,"comment_status":"open","ping_status":"open","sticky":false,"template":"","format":"standard","meta":{"footnotes":""},"categories":[3],"tags":[],"_links":{"self":[{"href":"http:\/\/fundacionluisanderson.org\/index.php\/wp-json\/wp\/v2\/posts\/967"}],"collection":[{"href":"http:\/\/fundacionluisanderson.org\/index.php\/wp-json\/wp\/v2\/posts"}],"about":[{"href":"http:\/\/fundacionluisanderson.org\/index.php\/wp-json\/wp\/v2\/types\/post"}],"author":[{"embeddable":true,"href":"http:\/\/fundacionluisanderson.org\/index.php\/wp-json\/wp\/v2\/users\/2"}],"replies":[{"embeddable":true,"href":"http:\/\/fundacionluisanderson.org\/index.php\/wp-json\/wp\/v2\/comments?post=967"}],"version-history":[{"count":5,"href":"http:\/\/fundacionluisanderson.org\/index.php\/wp-json\/wp\/v2\/posts\/967\/revisions"}],"predecessor-version":[{"id":973,"href":"http:\/\/fundacionluisanderson.org\/index.php\/wp-json\/wp\/v2\/posts\/967\/revisions\/973"}],"wp:featuredmedia":[{"embeddable":true,"href":"http:\/\/fundacionluisanderson.org\/index.php\/wp-json\/wp\/v2\/media\/850"}],"wp:attachment":[{"href":"http:\/\/fundacionluisanderson.org\/index.php\/wp-json\/wp\/v2\/media?parent=967"}],"wp:term":[{"taxonomy":"category","embeddable":true,"href":"http:\/\/fundacionluisanderson.org\/index.php\/wp-json\/wp\/v2\/categories?post=967"},{"taxonomy":"post_tag","embeddable":true,"href":"http:\/\/fundacionluisanderson.org\/index.php\/wp-json\/wp\/v2\/tags?post=967"}],"curies":[{"name":"wp","href":"https:\/\/api.w.org\/{rel}","templated":true}]}}