{"id":340,"date":"2018-10-30T03:21:17","date_gmt":"2018-10-30T03:21:17","guid":{"rendered":"http:\/\/nastacloud.com\/demo\/fundacionluisanderson\/?p=340"},"modified":"2018-11-13T20:49:57","modified_gmt":"2018-11-13T20:49:57","slug":"luis-alejandro-anderson-mcneill-un-hombre-que-dejo-huella","status":"publish","type":"post","link":"http:\/\/fundacionluisanderson.org\/index.php\/2018\/10\/30\/luis-alejandro-anderson-mcneill-un-hombre-que-dejo-huella\/","title":{"rendered":"Luis Alejandro Anderson McNeill: un hombre que dej\u00f3 huella"},"content":{"rendered":"<p>El 11 de marzo de 2004 en la sede de la Confederaci\u00f3n de Trabajadores de Colombia, CTC, me ha correspondido el honroso honor de expresar, junto con el compa\u00f1ero Apecides Alvis, unas cortas palabras, en homenaje p\u00f3stumo, a quien el 15 de noviembre del 2003, parti\u00f3 de este mundo, en momentos en que se aprestaba a participar en la movilizaci\u00f3n contra el ALCA que se llev\u00f3 a cabo en Miami.<\/p>\n<p>Luis Anderson naci\u00f3 el 9 de febrero de 1941 en la ciudad de Col\u00f3n, Rep\u00fablica de Panam\u00e1 y dedic\u00f3 toda su vida a la causa de los trabajadores, raz\u00f3n por la que ese d\u00eda, le expresamos nuestro reconocimiento y asumimos sus ense\u00f1anzas como un legado hist\u00f3rico.<\/p>\n<p>Para la Central Unitaria de Trabajadores CUT, la p\u00e9rdida del compa\u00f1ero Luis Anderson fue un sentido golpe, ya que su amistad, solidaridad y orientaci\u00f3n fueron esenciales para superar los dif\u00edciles momentos por los que a veces pasamos y que necesitan la voz de la experiencia para superarlos. Ese fue para nosotros Luis Anderson, el compa\u00f1ero, el amigo y el confidente, quien nos acogi\u00f3 como parte de su familia sindical, abri\u00e9ndonos las puertas fraternales de la ORIT y acogi\u00e9ndonos pr\u00e1cticamente como filiales sin serlos.<\/p>\n<p>Su generosidad fue grande. Supo con magistral inteligencia ubicar los intereses de los trabajadores por encima de cualquier otra consideraci\u00f3n, inclusive rebasando las fronteras de la afiliaci\u00f3n sindical.<\/p>\n<p>En el editorial de la revista n\u00famero 18 de la ORIT-CIOSL, el compa\u00f1ero Luis Anderson nos reafirmaba la vigencia del salario m\u00ednimo y nos orientaba la lucha sin descanso para impedir que cundiera la pretensi\u00f3n de los empresarios por abolirlo.<\/p>\n<p>Dec\u00eda Luis: \u00abEl principio, imbuido de una filosof\u00eda de justicia y equidad, sobre la cual se basaron las pol\u00edticas de salario m\u00ednimo en Am\u00e9rica Latina y en otros pa\u00edses del mundo en desarrollo, parece haber fenecido. Funcionarios tanto del Banco Mundial como del Fondo Monetario Internacional y m\u00e1s cerca de nosotros, el Banco Interamericano de desarrollo, argumentan en contra de la existencia de dichas pol\u00edticas y concretamente se\u00f1alan que la existencia del salario m\u00ednimo es un obst\u00e1culo a la creaci\u00f3n de empleos y a la tan mentada atracci\u00f3n de inversiones.\u00bb<\/p>\n<p>\u00abNuestra experiencia y creencia, alejada de la hip\u00f3tesis que sostiene que el mercado lo resuelve todo, y estando m\u00e1s cerca del problema que los acad\u00e9micos e intelectuales que asesoran a las Instituciones Financieras, es que el salario m\u00ednim es una de las redes sociales indispensables. Sin ella, el deterioro social y el de los \u00edndices de desarrollo humano ser\u00edan considerablemente peores.\u00bb<\/p>\n<p>La afirmaci\u00f3n del compa\u00f1ero Luis Anderson,\u00a0 denunciando la pol\u00edtica de los organismos financieros multilaterales de eliminar el salario m\u00ednimo,\u00a0 la sentimos en Colombia al firmarse el acuerdo sobre lo pertinente el 12 de diciembre del 2003, por las tres centrales sindicales y la confederaci\u00f3n de pensionados, porque los \u00e1ulicos del FMI y del BM,\u00a0 pusieron el grito en lo alto argumentando que un aumento por encima de la inflaci\u00f3n ahuyentaba la inversi\u00f3n extranjera y que acordar temas de control de precios era contravenir las leyes del mercado.<\/p>\n<p>Bueno compa\u00f1ero Luis, la concertaci\u00f3n lograda a prop\u00f3sito del salario m\u00ednimo nos permiti\u00f3 impulsar los Acuerdos Sociales Regionales con los alcaldes y gobernadores que tengan criterios sociales y que concretaremos sobre los siguientes ejes:<\/p>\n<p>De Concertaci\u00f3n para el Compromiso Social: Implica el acompa\u00f1amiento de toda la pol\u00edtica social coincidente con nuestros postulados, para contribuir a la materializaci\u00f3n de estos. Mayor cobertura y calidad en educaci\u00f3n y salud. Mejoramiento del empleo e implementaci\u00f3n de una real pol\u00edtica deportiva, am\u00e9n del desarrollo de vivienda de inter\u00e9s social. Aqu\u00ed es preciso hacer esfuerzos por concretar acuerdos humanitarios entendidos en todo su contexto.<\/p>\n<p>De Concertaci\u00f3n Descentralizada: Apunta a desarrollar los\u00a0 acuerdos adicionales al\u00a0 salario m\u00ednimo y que se relacionan con tarifas de servicios p\u00fablicos para los estratos 1 y 2, control de precios de la canasta familiar b\u00e1sica, canasta educativa, zapato escolar popular, cuaderno escolar popular, sudadera escolar popular, educaci\u00f3n p\u00fablica gratuita, dotaci\u00f3n de libros a las bibliotecas de escuelas y colegios p\u00fablicos, carnetizaci\u00f3n de estudiantes menores de 18 a\u00f1os y\u00a0 personas mayores de 60 a\u00f1os para subvencionarlos en el transporte p\u00fablico y en el ingreso a museos y actividades culturales, vigilancia al cumplimientos del salario m\u00ednimo, entre otros.<\/p>\n<p>De Concertaci\u00f3n para la Contrataci\u00f3n Colectiva: Buscamos la presentaci\u00f3n de pliegos \u00fanicos que conduzcan a la firma de Acuerdos Marcos Estatales, que incluyan la implementaci\u00f3n de la carrera administrativa, aumento salarial, desarrollo de los convenios de la OIT 154, 87, 98 y 151, as\u00ed como la ley 411 de 1997 y la situaci\u00f3n de los maestros. Los trabajadores oficiales afianzar\u00e1n la contrataci\u00f3n colectiva, hoy pr\u00e1cticamente desaparecida.<\/p>\n<p>Aspiramos a firmar por lo menos 500 Acuerdos Sociales Regionales, y una vez concretados, convocaremos un evento nacional con dichas autoridades civiles, para presionar un Gran Acuerdo Nacional que, desde lo local permita definir puntos sobre ALCA, deuda, libertades ciudadanas, modelo econ\u00f3mico y soluci\u00f3n pol\u00edtica y negociada al conflicto armado.<\/p>\n<p>Por ahora le comento que la Gran Coalici\u00f3n Democr\u00e1tica, la que derrot\u00f3 al gobierno frente al referendo neoliberal, sigue con vida y fortaleza. Su autoridad le permiti\u00f3 convocar un Encuentro Nacional de Organizaciones Sociales y Pol\u00edticas, que tiene un car\u00e1cter Amplio, Participativo, Deliberativo y representativo.<\/p>\n<p>Quienes integramos la Gran Coalici\u00f3n Democr\u00e1tica, hemos entendido que la hora presente nos llama a unirnos en un haz de voluntades, deponiendo divergencias, porque el esp\u00edritu sectario es una expresi\u00f3n particular de una ideolog\u00eda uniformadora y hegemonista, profundamente al\u00e9rgica a la diversidad y por consiguiente al compartir.<\/p>\n<p>Recordemos que el sectarismo ve al otro como un rival, o como \u00bb algo \u00bb que puede ser utilizado para sus propios fines; el sectarismo quiere conquistar todo el poder para \u00e9l, porque considera que s\u00f3lo \u00e9l tiene la verdad; por principio, los otros son, en el mejor de los casos, quienes se hallan \u00bb manipulados por el enemigo\u201d. El esp\u00edritu sectario es expresi\u00f3n de muerte en el \u00e1mbito de la vida.<\/p>\n<p>Por ello, la perspectiva de unificaci\u00f3n de las fuerzas democr\u00e1ticas no puede ser considerada como una cuesti\u00f3n de \u00abt\u00e1ctica\u201d. Los frentes pol\u00edticos que se constituyen sobre la base del apetito hegemonista de cada partido est\u00e1n condenados de antemano al desmoronamiento, a luchas intestinas implacables y, en \u00faltimas, a la esterilidad.<\/p>\n<p>La construcci\u00f3n de una coalici\u00f3n capaz de acoger a todos los dem\u00f3cratas, vengan de donde vinieren, es ante todo el bosquejo hist\u00f3rico de un nuevo esp\u00edritu unitario, basado en el reconocimiento del otro, la solidaridad y la com\u00fan responsabilidad. Es ejercicio de un pluralismo de nuevo tipo, fundado en un proyecto de justicia social y libertad, en donde los m\u00e1s peque\u00f1os tienen la posibilidad de existir, de expresarse y de participar en la toma de decisiones pol\u00edticas; es, por consiguiente, la prefiguraci\u00f3n de una institucionalidad alternativa.<\/p>\n<p>Amigo Anderson, este trabajo unitario es producto de su sue\u00f1o, que Apecides y yo asumimos con responsabilidad y que hoy ponemos a su consideraci\u00f3n. Se me olvidaba decirte que es tal la coherencia con la CTC, que ya no s\u00e9 si nos llamamos Central Unitaria de Trabajadores o Central de Trabajadores de Colombia. De todas maneras, \u00e9chenos una manita para poder gritar a los cuatro vientos que su sue\u00f1o se hizo realidad y que pronto nos asumiremos como Central de Trabajadores de Colombia CTC.<\/p>\n<p>Quisiera comentarte muchas cosas m\u00e1s, pero aqu\u00ed el tiempo apremia. Por ahora deseo expresarle a este generoso auditorio que ha venido a saludarte, las palabras que escribiste en julio de 1996 en la presentaci\u00f3n del libro di\u00e1logo norte sur:<\/p>\n<p>\u00abMi gratitud al movimiento sindical, que me ha dado muchas satisfacciones a lo largo de mis m\u00e1s de treinta a\u00f1os de militancia, tal vez la mayor de ellas la de haber tenido la oportunidad de conocer entre sus filas a mujeres y hombres que luchan y trabajan diariamente en diferentes regiones del mundo, con m\u00edstica y convicci\u00f3n, por la justicia, la libertad y la dignidad de la persona humana.\u00bb<\/p>\n<p>Estas son las remembranzas que expres\u00e9 sobre Luis Anderson, hace 14 a\u00f1os en la CTC de Colombia y que mantienen su vigencia y que acompa\u00f1an su legado.<\/p>\n<p><strong>Carlos Rodr\u00edguez, Colombia, Septiembre 20 de 2018.<\/strong><\/p>\n","protected":false},"excerpt":{"rendered":"<p>El 11 de marzo de 2004 en la sede de la Confederaci\u00f3n de Trabajadores de Colombia, CTC, me ha correspondido el honroso honor de expresar, junto con el compa\u00f1ero Apecides Alvis, unas cortas palabras, en homenaje p\u00f3stumo, a quien el 15 de noviembre del 2003, parti\u00f3 de este mundo, en momentos en que se aprestaba [&hellip;]<\/p>\n","protected":false},"author":1,"featured_media":730,"comment_status":"open","ping_status":"open","sticky":false,"template":"","format":"standard","meta":{"footnotes":""},"categories":[6],"tags":[],"_links":{"self":[{"href":"http:\/\/fundacionluisanderson.org\/index.php\/wp-json\/wp\/v2\/posts\/340"}],"collection":[{"href":"http:\/\/fundacionluisanderson.org\/index.php\/wp-json\/wp\/v2\/posts"}],"about":[{"href":"http:\/\/fundacionluisanderson.org\/index.php\/wp-json\/wp\/v2\/types\/post"}],"author":[{"embeddable":true,"href":"http:\/\/fundacionluisanderson.org\/index.php\/wp-json\/wp\/v2\/users\/1"}],"replies":[{"embeddable":true,"href":"http:\/\/fundacionluisanderson.org\/index.php\/wp-json\/wp\/v2\/comments?post=340"}],"version-history":[{"count":1,"href":"http:\/\/fundacionluisanderson.org\/index.php\/wp-json\/wp\/v2\/posts\/340\/revisions"}],"predecessor-version":[{"id":731,"href":"http:\/\/fundacionluisanderson.org\/index.php\/wp-json\/wp\/v2\/posts\/340\/revisions\/731"}],"wp:featuredmedia":[{"embeddable":true,"href":"http:\/\/fundacionluisanderson.org\/index.php\/wp-json\/wp\/v2\/media\/730"}],"wp:attachment":[{"href":"http:\/\/fundacionluisanderson.org\/index.php\/wp-json\/wp\/v2\/media?parent=340"}],"wp:term":[{"taxonomy":"category","embeddable":true,"href":"http:\/\/fundacionluisanderson.org\/index.php\/wp-json\/wp\/v2\/categories?post=340"},{"taxonomy":"post_tag","embeddable":true,"href":"http:\/\/fundacionluisanderson.org\/index.php\/wp-json\/wp\/v2\/tags?post=340"}],"curies":[{"name":"wp","href":"https:\/\/api.w.org\/{rel}","templated":true}]}}