{"id":318,"date":"2018-10-30T02:40:44","date_gmt":"2018-10-30T02:40:44","guid":{"rendered":"http:\/\/nastacloud.com\/demo\/fundacionluisanderson\/?p=318"},"modified":"2018-11-21T03:08:15","modified_gmt":"2018-11-21T03:08:15","slug":"testimonio-sobre-luis-anderson","status":"publish","type":"post","link":"http:\/\/fundacionluisanderson.org\/index.php\/2018\/10\/30\/testimonio-sobre-luis-anderson\/","title":{"rendered":"Testimonio Sobre Luis Anderson"},"content":{"rendered":"<p>Conoc\u00ed a Luis Anderson en 1988, el ya Secretario General de ORIT.\u00a0 Yo acababa de llegar al Departamento Internacional de CISL, como responsable para el seguimiento de las relaciones con Am\u00e9rica Latina.<\/p>\n<p>Estudiando la ley y la pol\u00edtica internacional, en ese momento yo estaba obviamente fascinado por el continente americano y en especial por Am\u00e9rica Central, dado el cruce de todas las contradicciones de una Guerra Fr\u00eda todav\u00eda en marcha, en donde las dos superpotencias se enfrentaban mediante el apoyo a facciones opuestas en las guerras civiles de los distintos pa\u00edses del Istmo, incapaces de enfrentarse directamente en raz\u00f3n de la estrategia de la disuasi\u00f3n nuclear.<\/p>\n<p>El trabajo sindical era muy intenso y fascinante: en un momento complejo para el orden pol\u00edtico internacional, est\u00e1bamos trabajando como exponentes de esa \u00abdiplomacia paralela\u00bb, que nos permit\u00eda llegar a donde a menudo la diplomacia oficial o \u00abinstitucional\u00bb no pod\u00eda. Un ejemplo fue nuestro trabajo junto a las organizaciones de la sociedad civil salvadore\u00f1a, que ser\u00e1n protagonistas de la paz en la regi\u00f3n,<\/p>\n<p>Con Luis trabajaba en esos a\u00f1os un destacado equipo: Anita Nitoslavska, polaco \/ canadiense, Marta\u00a0 Scarpato, Italo \/ Argentina, Miguel Frolich y Rafael Arazi, Argentino \/ Israeli y Gerardo Castillo, costarricense, que conducir\u00e1 un gran proyecto de formaci\u00f3n para toda Am\u00e9rica Latina, que mi Organizaci\u00f3n, la CISL, logrado que el gobierno italiano financiara la ORIT, a trav\u00e9s de la Organizaci\u00f3n Internacional del Trabajo.<\/p>\n<p>Luis me sorprendi\u00f3 con su autoridad, tan imponente como su estatura f\u00edsica, por su carisma en el tratamiento de cuestiones complejas y por su extraordinario conocimiento de los mecanismos de la pol\u00edtica internacional.<\/p>\n<p>Luis no era un \u201clatinoamericano\u201d, sino era realmente un personaje \u00abglobal\u00bb.\u00a0\u00a0 Con su impresionante conocimiento del sofisticado paisaje sindical europeo, Luis pod\u00eda interpretar con precisi\u00f3n las interrelaciones importantes entre sindicatos y sistemas socio-pol\u00edtico lejano, comprender potencialidades, enfrentar las cr\u00edticas.<\/p>\n<p>Luis estaba anticipando ya en los \u00faltimos a\u00f1os 80 esas cuestiones de la globalizaci\u00f3n econ\u00f3mica y pudo ver\u00a0 la globalizaci\u00f3n de la \u00absolidaridad\u00bb que hoy tratamos de declinar, frente a un mundo donde el derecho de la ciudadan\u00eda en todas las latitudes ya no est\u00e1 atado al\u00a0 trabajo y al v\u00ednculo con un territorio.<\/p>\n<p>&nbsp;<\/p>\n<p>Una nueva (e inimaginable entonces) distribuci\u00f3n internacional del trabajo y el cambio del mismo concepto sociol\u00f3gico de trabajo, que experimentamos en nuestro complejo presente, ya hab\u00eda sido intuido en las reflexiones que Luis propon\u00eda en esos a\u00f1os.<\/p>\n<p>Su \u00absindicalismo sociopol\u00edtico\u00bb tom\u00f3 el importante papel de \u00abcuerpo intermedio\u00bb para el gobierno de las econom\u00edas modernas, con un nuevo\u00a0\u00a0 papel del capital financiero, la menor prominencia de los Estados y una pol\u00edtica en la que el paisaje de los partidos e ideolog\u00edas \u00abtradicionales\u00bb se estaban desmoronando en todas las latitudes, en todos los continentes.<\/p>\n<p>Sindicalista mundial y visionario, pero extraordinariamente pragm\u00e1tico, capaz de comprender la importancia del di\u00e1logo con las instituciones financieras internacionales, el Fondo Monetario Internacional y el Banco Mundial, que afirmaban la necesidad de imponer a los pa\u00edses medidas de ajuste estructural de la econom\u00eda, una situaci\u00f3n en la que s\u00f3lo un nuevo sujeto internacional capaz de representar los intereses de los trabajadores podr\u00eda tratar de confrontar.<\/p>\n<p>Luis hab\u00eda establecido una excelente relaci\u00f3n con el Banco Interamericano de Desarrollo, importante entidad financiera que por un lado estaba relacionada al Banco Mundial y por el otro, gracias a un \u201cboard\u201d que contaba con la participaci\u00f3n de los gobiernos de los pa\u00edses europeos m\u00e1s importantes, junto con el gobierno norte-americano,\u00a0 representaba un extraordinario potencial para apoyar la cooperaci\u00f3n al desarrollo, que en aquellos a\u00f1os se estaba volviendo cada vez m\u00e1s\u00a0 uno de los posibles mecanismos de correcci\u00f3n de los desequilibrios econ\u00f3micos globales.<\/p>\n<p>Trabajar con Luis fue una verdadera escuela para m\u00ed en esos a\u00f1os, es decir,\u00a0 pragmatismo y\u00a0 sentido concreto, superando todo condicionamiento \u00abideol\u00f3gico\u00bb, con Luis se podia llegar hasta el coraz\u00f3n de las necesidades de una moderna organizaci\u00f3n\u00a0 capaz de representar los intereses de los trabajadores y de hacer frente a las grandes instituciones internacionales, as\u00ed como confrontar con los pa\u00edses grandes y peque\u00f1os de las \u00bb Am\u00e9ricas Latinas \u00ab, dicho\u00a0 en plural para evitar cualquier generalizaci\u00f3n equivocada.<\/p>\n<p>Y as\u00ed, acompa\u00f1e a Luis en la supervisi\u00f3n de las elecciones en Nicaragua de 1990, que vio el final del sue\u00f1o revolucionario sandinista. Tambi\u00e9n estuve con \u00e9l en las reuniones con la Confederaci\u00f3n de Trabajadores de Cuba, que no estaba afiliada a la familia sindical internacional, pero no pod\u00eda no estar involucrada fraternalmente buscando la manera de hacer frente a la pobreza y el sufrimiento de la poblaci\u00f3n debido a la dif\u00edcil situaci\u00f3n pol\u00edtica y de las relaciones internacionales que el pa\u00eds enfrent\u00f3 desde el fin de la guerra fr\u00eda y frente a las indispensables \u201caperturas\u00bb hacia el mundo exterior.<\/p>\n<p>&nbsp;<\/p>\n<p>Con Luis compartimos los malentendidos y las enormes dificultades para dar espacio y viabilidad a la representaci\u00f3n de los trabajadores durante los a\u00f1os del \u00abchavismo\u00bb en Venezuela&#8230; Recuerdo el dolor, y la gran dignidad con la que Luis enfrent\u00f3 toda la situaci\u00f3n que luego dio lugar al traslado de la sede de la ORIT en Brasil.<\/p>\n<p>Pero con Luis Anderson se pod\u00eda tambi\u00e9n re\u00edr y bromear, no era un tipo gru\u00f1\u00f3n, era una persona de gran humanidad. Recuerdo que durante un viaje que me llev\u00f3 a la Ciudad de M\u00e9xico yo me puse enfermo en el avi\u00f3n. Luis movi\u00f3 inmediatamente las reuniones de trabajo que ya hab\u00edamos planeado y a las que hab\u00eda querido se me invitara, para que fuera atendido por los m\u00e9dicos: desde ese momento cada vez que nos vimos o que est\u00e1bamos hablando por tel\u00e9fono, su primera preocupaci\u00f3n y su primera pregunta estaban sobre mi salud, siempre me preguntaba si prestaba atenci\u00f3n a las reglas de alimentaci\u00f3n, me preguntaba\u00a0 por mis hijos y me recordaba el sentido de responsabilidad (Luis sab\u00eda muy bien qu\u00e9 tipo de vida hacemos nosotros, los\u00a0 \u00absindicalistas n\u00f3madas\u00bb, siempre entre un avi\u00f3n y otro, siempre rebotados a diferentes zonas horarias, los ojos hinchados por el cansancio, poco tiempo para dedicar a la actividad f\u00edsica).<\/p>\n<p>Una vez me sorprendi\u00f3: yo le hab\u00eda llamado para discutir de una situaci\u00f3n delicada que est\u00e1bamos viviendo en Colombia y el me par\u00f3 pregunt\u00e1ndome sin rodeos: \u00abGiuseppe, s\u00e9 que t\u00fa en Italia siempre vas a trabajar con la motocicleta: dime sinceramente, \u00bfte pones un casco?\u00a0 S\u00e9 que donde t\u00fa vives, (y ciertamente se refer\u00eda al sur de Italia y N\u00e1poles), les gusta ser \u201cingeniosos\u201d&#8230; Y pronto con recomendaciones y reproches&#8230; Sent\u00eda sinceramente que Luis me quer\u00eda mucho.<\/p>\n<p>Una vez su intervenci\u00f3n fue decisiva, incluso para mi seguridad y mi vida, me gusta recordarlo mucho anos despu\u00e9s de los hechos.\u00a0\u00a0 Est\u00e1bamos en El Salvador con Marta Scarpato e importantes dirigentes sindicales italianos para hacer un seminario sobre derechos humanos, previsto por el proyecto que manejamos juntos la CISL italiana y el ORIT.\u00a0\u00a0 Dos a\u00f1os antes hab\u00edan sido asesinados los padres jesuitas de la UCA, con quien colabor\u00e1bamos en el marco del programa de cooperaci\u00f3n. Los \u00abescuadrones de la muerte\u00bb hab\u00edan masacrado a los jesuitas y se apoderaron de todos los documentos, mi nombre estaba en todas partes, me pusieron en una \u201clista negra\u201d.\u00a0 Me hab\u00edan \u00abinvitado\u00bb a no ir a El Salvador durante al menos dos a\u00f1os.<\/p>\n<p>Bueno, exactamente dos a\u00f1os despu\u00e9s volv\u00ed all\u00ed&#8230; y mientras est\u00e1bamos en la conferencia, un ni\u00f1o se me acerc\u00f3 y me entreg\u00f3 una carta. La carta llevaba el logotipo de un rifle de alta precisi\u00f3n y amenazaba de muerte a los l\u00edderes sindicales internacionales presentes, a los participantes del seminario y a sus familiares. Luis, inmediatamente informado, estableci\u00f3 la estrategia para salir de la \u00abimpasse\u00bb. Hay dos soluciones, nos dijo, o inmediatamente \u201cte vas del pa\u00eds, pero es muy arriesgado, o \u00abte ponemos en el centro de atenci\u00f3n\u201d. Luis nos hizo comprender, con su gran experiencia y lucidez pol\u00edtica, que haciendo comunicaciones oficiales desde M\u00e9xico, desde Roma y tambi\u00e9n desde Bruselas hacia el gobierno salvadore\u00f1o, estar\u00edamos m\u00e1s seguros. La t\u00e9cnica de poner bajo responsabilidad del gobierno de El Salvador nuestra incolumidad fue una victoria, continuamos el seminario de capacitaci\u00f3n hasta el final, y hoy estamos hablando de ello. Luis era eficaz, pragm\u00e1tico, l\u00facido, un gran dirigente, se las arregl\u00f3 para resolver el grave problema.<\/p>\n<p>Muchos son los momentos que me gustar\u00eda recordar, sobre la colaboraci\u00f3n y la amistad con Luis Anderson, no ser\u00eda suficiente esta breve nota, estoy seguro de que todos los que han tenido el privilegio y el honor de cruzarse en su vida podr\u00edan escribir p\u00e1ginas y p\u00e1ginas.<\/p>\n<p>Luis era una figura p\u00fablica, por supuesto, pero sab\u00eda c\u00f3mo relacionarse de forma dulce con cada persona que conoc\u00eda. Nunca olvidar\u00e9 la mirada punzante y tierna con la que segu\u00eda a sus colaboradores m\u00e1s cercanos, su relaci\u00f3n con Ernesto Marval, Iv\u00e1n Gonz\u00e1lez, con Katia Gil&#8230; Era la mirada de un \u00abpadre\u00bb.<\/p>\n<p>Luis fue para m\u00ed una escuela de entrenamiento, un ejemplo, un gran e inolvidable amigo.<\/p>\n<p><strong>Giuseppe Iuliano, CISL, Julio 2018.<\/strong><\/p>\n","protected":false},"excerpt":{"rendered":"<p>Conoc\u00ed a Luis Anderson en 1988, el ya Secretario General de ORIT.\u00a0 Yo acababa de llegar al Departamento Internacional de CISL, como responsable para el seguimiento de las relaciones con Am\u00e9rica Latina. Estudiando la ley y la pol\u00edtica internacional, en ese momento yo estaba obviamente fascinado por el continente americano y en especial por Am\u00e9rica [&hellip;]<\/p>\n","protected":false},"author":1,"featured_media":909,"comment_status":"open","ping_status":"open","sticky":false,"template":"","format":"standard","meta":{"footnotes":""},"categories":[6],"tags":[],"_links":{"self":[{"href":"http:\/\/fundacionluisanderson.org\/index.php\/wp-json\/wp\/v2\/posts\/318"}],"collection":[{"href":"http:\/\/fundacionluisanderson.org\/index.php\/wp-json\/wp\/v2\/posts"}],"about":[{"href":"http:\/\/fundacionluisanderson.org\/index.php\/wp-json\/wp\/v2\/types\/post"}],"author":[{"embeddable":true,"href":"http:\/\/fundacionluisanderson.org\/index.php\/wp-json\/wp\/v2\/users\/1"}],"replies":[{"embeddable":true,"href":"http:\/\/fundacionluisanderson.org\/index.php\/wp-json\/wp\/v2\/comments?post=318"}],"version-history":[{"count":1,"href":"http:\/\/fundacionluisanderson.org\/index.php\/wp-json\/wp\/v2\/posts\/318\/revisions"}],"predecessor-version":[{"id":922,"href":"http:\/\/fundacionluisanderson.org\/index.php\/wp-json\/wp\/v2\/posts\/318\/revisions\/922"}],"wp:featuredmedia":[{"embeddable":true,"href":"http:\/\/fundacionluisanderson.org\/index.php\/wp-json\/wp\/v2\/media\/909"}],"wp:attachment":[{"href":"http:\/\/fundacionluisanderson.org\/index.php\/wp-json\/wp\/v2\/media?parent=318"}],"wp:term":[{"taxonomy":"category","embeddable":true,"href":"http:\/\/fundacionluisanderson.org\/index.php\/wp-json\/wp\/v2\/categories?post=318"},{"taxonomy":"post_tag","embeddable":true,"href":"http:\/\/fundacionluisanderson.org\/index.php\/wp-json\/wp\/v2\/tags?post=318"}],"curies":[{"name":"wp","href":"https:\/\/api.w.org\/{rel}","templated":true}]}}