{"id":307,"date":"2018-10-30T02:22:08","date_gmt":"2018-10-30T02:22:08","guid":{"rendered":"http:\/\/nastacloud.com\/demo\/fundacionluisanderson\/?p=307"},"modified":"2018-11-21T03:05:55","modified_gmt":"2018-11-21T03:05:55","slug":"307","status":"publish","type":"post","link":"http:\/\/fundacionluisanderson.org\/index.php\/2018\/10\/30\/307\/","title":{"rendered":"Algunas an\u00e9cdotas"},"content":{"rendered":"<p>La primera vez que encontr\u00e9 a Luis no fue en M\u00e9xico, ni en Caracas sino en Bruselas en el a\u00f1o 1984.\u00a0 Fue en una recepci\u00f3n en la casa de John Vanderveken, qui\u00e9n era Secretario General de la CISL (ahora la CIOSL), con ocasi\u00f3n de una reuni\u00f3n de su consejo directivo.<\/p>\n<p>Luis era el nuevo secretario general de la ORIT as\u00ed que todos en la sala quer\u00edan encontrarlo y hablar con \u00e9l. Yo estaba all\u00ed con Jerzy Milewski, director de la representaci\u00f3n externa del sindicato polaco NSZZ Solidarnosc en Bruselas ya que el sindicato mismo hab\u00eda sido prohibido en Polonia pero segu\u00eda funcionando en la clandestinidad.<\/p>\n<p>Me acuerdo que Luis mostr\u00f3 un inter\u00e9s genuino sobre los acontecimientos recientes en Polonia.<\/p>\n<p>Tambi\u00e9n me acuerdo que Luis era el \u00fanico dirigente sindical latinoamericano en esa sala que hablaba ingl\u00e9s y por lo tanto pod\u00eda comunicar con gran facilidad con muchos de los dirigentes all\u00ed presentes. El hecho de que soy pol\u00edglota fue uno de los elementos importantes en mi colaboraci\u00f3n con Luis.\u00a0 Por toda una serie de circunstancias, hablo bien el espa\u00f1ol, ingl\u00e9s, franc\u00e9s, y polaco.<\/p>\n<p>Al inicio de la d\u00e9cada de los 80, estaba viviendo y trabajando en M\u00e9xico y\u00a0 ocasionalmente hac\u00eda traducciones para la ORIT como colaboradora externa aunque no conoc\u00eda la organizaci\u00f3n m\u00e1s que por sus textos.<\/p>\n<p>En aquellos momentos nunca hubiera pensado en una posible colaboraci\u00f3n con la ORIT.\u00a0 Sin embargo, el destino fue otro.\u00a0 A principios de 1982, unos meses apenas despu\u00e9s del golpe en Polonia, se establece en Bruselas una representaci\u00f3n de los sindicatos en la clandestinidad.<\/p>\n<p>Los sindicalistas polacos entienden la importancia del apoyo y la solidaridad internacional y abren una peque\u00f1a representaci\u00f3n en Bruselas d\u00f3nde se ubicaban dos de las centrales sindicales mundiales, la CISL y la CMT. Se buscan voluntarios para apoyar a los sindicalistas polacos en el exilio en Europa, la mayor\u00eda de los cuales hablaban solo polaco!, y con apoyo financiero del CLC canadiense, me fui para Bruselas donde permanec\u00ed dos a\u00f1os.<\/p>\n<p>Fue una coincidencia que en el momento en que por motivos personales regres\u00e9 a M\u00e9xico en el oto\u00f1o de 1984, Luis sal\u00eda de esa ciudad para asumir el puesto de Ministro del Trabajo en Panam\u00e1.<\/p>\n<p>Nuestros caminos se cruzar\u00edan de nuevo en el oto\u00f1o de 1985, el 19 de septiembre precisamente.\u00a0 Luis hab\u00eda renunciado al puesto de Ministro y unos pocos meses despu\u00e9s encabez\u00f3 una nueva iniciativa, el Comit\u00e9 Interamericano de Derechos Humanos y Sindicales (CIDHS).\u00a0 Invitada a colaborar con \u00e9l para desarrollar el trabajo del Comit\u00e9, sal\u00ed para Panam\u00e1 en la ma\u00f1ana del 19 de septiembre 1985, el d\u00eda del famoso temblor que sacudi\u00f3 al Distrito Federal y caus\u00f3 terribles da\u00f1os y p\u00e9rdida de vidas. Con gran suerte, mi vuelo sali\u00f3 apenas unos momentos despu\u00e9s del temblor.\u00a0 Fuimos los \u00faltimos en salir ese d\u00eda ya que las pistas del aeropuerto quedaron da\u00f1adas.\u00a0 Pero a los pasajeros no se nos dijo nada, solamente sentimos unas vibraciones muy fuertes momentos antes de despegar. Todos pensamos que fueron los motores arrancando.<\/p>\n<p>Llegando a Panama horas despu\u00e9s, veo a Luis quien sali\u00f3 a recibirme, terriblemente ansioso y preocupado.\u00a0 \u201cTembl\u00f3 fuerte en M\u00e9xico\u201d me dice y yo pens\u00e9 \u201cesos paname\u00f1os no saben nada de temblores\u201d.\u00a0 Fue solamente al encender la tele en mi habitaci\u00f3n de hotel que me di cuenta de la verdadera magnitud del desastre!<\/p>\n<p>Con Luis se trabajaba intensamente, en Panam\u00e1 al principio pero despu\u00e9s en M\u00e9xico cuando Luis volvi\u00f3 all\u00ed al ser electo nuevamente secretario general de la ORIT.\u00a0 Una vez m\u00e1s nuestra colaboraci\u00f3n se centr\u00f3 en el tema de la protecci\u00f3n y promoci\u00f3n de los derechos humanos y sindicales con las afiliadas de la ORIT.<\/p>\n<p>Desarrollamos un plan de trabajo para montar une red de \u201ccorresponsales\u201d con el objeto de agilizar el flujo de informaci\u00f3n sobre casos de violaciones.\u00a0 Tambi\u00e9n hicimos una labor de establecer v\u00ednculos y colaboraci\u00f3n con el mundo de las ONGs que trataban el tema de los derechos humanos.<\/p>\n<p>Hay que acordarse de que hace m\u00e1s de treinta a\u00f1os, el tema de los derechos humanos as\u00ed como la colaboraci\u00f3n con organizaciones fuera del mundo sindical representaban una visi\u00f3n nueva del sindicalismo y no eran sin controversia.<\/p>\n<p>Luis tuvo la visi\u00f3n de promover la formaci\u00f3n de importantes alianzas con otros elementos de la sociedad civil, respetando las aspiraciones y los intereses de los otros sectores.<\/p>\n<p>Argumentaba que para enfrentar la p\u00e9rdida de representatividad de los sindicatos en el mundo debido a la globalizaci\u00f3n y las pol\u00edticas neoliberales, era indispensable aliarse con los movimientos de mujeres, los ecologistas, los ind\u00edgenas, etc. para avanzar mejor los intereses de los trabajadores y las trabajadoras no s\u00f3lo en las empresas mediante los contratos colectivos sino en el \u00e1mbito social y econ\u00f3mico nacional. Esta visi\u00f3n de un nuevo sindicalismo socio-pol\u00edtico fue ratificada en el importante Congreso Continental de la ORIT en 1989.<\/p>\n<p>Dej\u00e9 a la ORIT unos cuantos meses despu\u00e9s del Congreso.\u00a0 Mi familia estaba en Canad\u00e1 y al volver a ese pa\u00eds tuve la gran suerte de que en el departamento internacional de la central canadiense CLC hab\u00eda un puesto abierto con responsabilidad para la cooperaci\u00f3n con Am\u00e9rica Latina.\u00a0 Y fue as\u00ed que mi colaboraci\u00f3n con Luis, la ORIT, y en particular con el Comit\u00e9 de Mujeres, continu\u00f3 en la d\u00e9cada de los noventa y los primeros a\u00f1os del nuevo milenio, aunque de\u00a0 forma distinta.<\/p>\n<p>Por un lado, trabaj\u00e9 en dar a conocer la \u201cnueva\u201d ORIT\u00a0 a los sindicatos canadienses y por otro, en canalizar una parte importante de la cooperaci\u00f3n canadiense para apoyar a diversas iniciativas contempladas en los Nuevos Rumbos del Sindicalismo de la ORIT.<\/p>\n<p>Durante los casi treinta a\u00f1os de trabajo con el movimiento sindical polaco, latino\u00e1mericano y despu\u00e9s canadiense, colabor\u00e9 con muchos dirigentes sindicales pero a mi modo de ver eran muy pocos los que como Luis entend\u00edan que ser buen dirigente significaba reconocer y potenciar las aptitudes y las capacidades de sus colaboradores.\u00a0 Luis estaba abierto a escuchar propuestas y debatirlas a fin de llegar a una posici\u00f3n bien pensada y con una argumentaci\u00f3n s\u00f3lida.<\/p>\n<p>A veces me pregunto qu\u00e9 har\u00eda Luis frente a los nuevos desaf\u00edos que hoy enfrentamos: crecientes nacionalismos y autoritarismos, las democracias de los pocos, la intolerancia del otro, la creciente brecha entre los pocos ricos y todos los dem\u00e1s, el calentamiento global, etc. Claro, no tengo una respuesta, pero en mi mente veo a Luis mucho muy indignado y preocupado por el estado de las cosas hoy por una parte pero por la otra, lo veo siendo el l\u00edder natural que era en la lucha por los derechos humanos, la justicia social, y la democracia.<\/p>\n<p><strong>Anna Nitoslawska,\u00a0<\/strong><strong>Agosto 2018.<\/strong><\/p>\n","protected":false},"excerpt":{"rendered":"<p>La primera vez que encontr\u00e9 a Luis no fue en M\u00e9xico, ni en Caracas sino en Bruselas en el a\u00f1o 1984.\u00a0 Fue en una recepci\u00f3n en la casa de John Vanderveken, qui\u00e9n era Secretario General de la CISL (ahora la CIOSL), con ocasi\u00f3n de una reuni\u00f3n de su consejo directivo. Luis era el nuevo secretario [&hellip;]<\/p>\n","protected":false},"author":1,"featured_media":910,"comment_status":"open","ping_status":"open","sticky":false,"template":"","format":"standard","meta":{"footnotes":""},"categories":[6],"tags":[],"_links":{"self":[{"href":"http:\/\/fundacionluisanderson.org\/index.php\/wp-json\/wp\/v2\/posts\/307"}],"collection":[{"href":"http:\/\/fundacionluisanderson.org\/index.php\/wp-json\/wp\/v2\/posts"}],"about":[{"href":"http:\/\/fundacionluisanderson.org\/index.php\/wp-json\/wp\/v2\/types\/post"}],"author":[{"embeddable":true,"href":"http:\/\/fundacionluisanderson.org\/index.php\/wp-json\/wp\/v2\/users\/1"}],"replies":[{"embeddable":true,"href":"http:\/\/fundacionluisanderson.org\/index.php\/wp-json\/wp\/v2\/comments?post=307"}],"version-history":[{"count":1,"href":"http:\/\/fundacionluisanderson.org\/index.php\/wp-json\/wp\/v2\/posts\/307\/revisions"}],"predecessor-version":[{"id":919,"href":"http:\/\/fundacionluisanderson.org\/index.php\/wp-json\/wp\/v2\/posts\/307\/revisions\/919"}],"wp:featuredmedia":[{"embeddable":true,"href":"http:\/\/fundacionluisanderson.org\/index.php\/wp-json\/wp\/v2\/media\/910"}],"wp:attachment":[{"href":"http:\/\/fundacionluisanderson.org\/index.php\/wp-json\/wp\/v2\/media?parent=307"}],"wp:term":[{"taxonomy":"category","embeddable":true,"href":"http:\/\/fundacionluisanderson.org\/index.php\/wp-json\/wp\/v2\/categories?post=307"},{"taxonomy":"post_tag","embeddable":true,"href":"http:\/\/fundacionluisanderson.org\/index.php\/wp-json\/wp\/v2\/tags?post=307"}],"curies":[{"name":"wp","href":"https:\/\/api.w.org\/{rel}","templated":true}]}}