{"id":1132,"date":"2020-07-07T20:36:23","date_gmt":"2020-07-07T20:36:23","guid":{"rendered":"http:\/\/fundacionluisanderson.org\/?p=1132"},"modified":"2020-07-07T20:36:23","modified_gmt":"2020-07-07T20:36:23","slug":"desaparicion-fisica-del-companero-mariano-negron","status":"publish","type":"post","link":"http:\/\/fundacionluisanderson.org\/index.php\/2020\/07\/07\/desaparicion-fisica-del-companero-mariano-negron\/","title":{"rendered":"Desaparici\u00f3n F\u00edsica del compa\u00f1ero Mariano Negr\u00f3n"},"content":{"rendered":"<p>La Fundaci\u00f3n Luis Anderson lamenta profundamente la desaparici\u00f3n f\u00edsica del compa\u00f1ero Mariano Negr\u00f3n. Expresamos nuestro p\u00e9same a su familia y al movimiento sindical por tan irreparable p\u00e9rdida.<\/p>\n<p><span style=\"color: #ff0000;\"><strong><a style=\"color: #ff0000;\" href=\"http:\/\/fundacionluisanderson.org\/wp-content\/uploads\/2020\/07\/RESOLUCION-DE-DUELO-MARIANO-NEGRON-7-7-2020.pdf\">RESOLUCION DE DUELO MARIANO NEGRON<\/a><\/strong><\/span><\/p>\n<p>&nbsp;<\/p>\n","protected":false},"excerpt":{"rendered":"<p>La Fundaci\u00f3n Luis Anderson lamenta profundamente la desaparici\u00f3n f\u00edsica del compa\u00f1ero Mariano Negr\u00f3n. Expresamos nuestro p\u00e9same a su familia y al movimiento sindical por tan irreparable p\u00e9rdida. RESOLUCION DE DUELO MARIANO NEGRON &nbsp;<\/p>\n","protected":false},"author":2,"featured_media":0,"comment_status":"open","ping_status":"open","sticky":false,"template":"","format":"standard","meta":{"footnotes":""},"categories":[13],"tags":[],"_links":{"self":[{"href":"http:\/\/fundacionluisanderson.org\/index.php\/wp-json\/wp\/v2\/posts\/1132"}],"collection":[{"href":"http:\/\/fundacionluisanderson.org\/index.php\/wp-json\/wp\/v2\/posts"}],"about":[{"href":"http:\/\/fundacionluisanderson.org\/index.php\/wp-json\/wp\/v2\/types\/post"}],"author":[{"embeddable":true,"href":"http:\/\/fundacionluisanderson.org\/index.php\/wp-json\/wp\/v2\/users\/2"}],"replies":[{"embeddable":true,"href":"http:\/\/fundacionluisanderson.org\/index.php\/wp-json\/wp\/v2\/comments?post=1132"}],"version-history":[{"count":3,"href":"http:\/\/fundacionluisanderson.org\/index.php\/wp-json\/wp\/v2\/posts\/1132\/revisions"}],"predecessor-version":[{"id":1136,"href":"http:\/\/fundacionluisanderson.org\/index.php\/wp-json\/wp\/v2\/posts\/1132\/revisions\/1136"}],"wp:attachment":[{"href":"http:\/\/fundacionluisanderson.org\/index.php\/wp-json\/wp\/v2\/media?parent=1132"}],"wp:term":[{"taxonomy":"category","embeddable":true,"href":"http:\/\/fundacionluisanderson.org\/index.php\/wp-json\/wp\/v2\/categories?post=1132"},{"taxonomy":"post_tag","embeddable":true,"href":"http:\/\/fundacionluisanderson.org\/index.php\/wp-json\/wp\/v2\/tags?post=1132"}],"curies":[{"name":"wp","href":"https:\/\/api.w.org\/{rel}","templated":true}]}}